{"id":4745,"date":"2024-05-29T18:44:14","date_gmt":"2024-05-29T16:44:14","guid":{"rendered":"https:\/\/www.torreviejagastronomica.com\/?p=4745"},"modified":"2024-05-29T22:23:07","modified_gmt":"2024-05-29T20:23:07","slug":"presentadas-las-jornadas-gastronomicas-torrevieja-y-el-mar-2024","status":"publish","type":"post","link":"https:\/\/www.torreviejagastronomica.com\/en\/presentadas-las-jornadas-gastronomicas-torrevieja-y-el-mar-2024\/","title":{"rendered":"Presentation of the gastronomic days \"Torrevieja and the Sea\" 2024."},"content":{"rendered":"<h1 class=\"wp-block-heading\">The Gastronomic Days Torrevieja and the Sea, will be held from 12 to 14 and 19 to 21 June, with the participation of 6 associated restaurants.<\/h1>\n\n\n\n<p><\/p>\n\n\n\n<h2 class=\"wp-block-heading\"><\/h2>\n\n\n\n<p>The President of the Association of Hospitality Businesses of Torrevieja and Region, Jos\u00e9 Ignacio Pastor, accompanied by the Councillor for Hospitality and Tourism, Rosario Martinez, Secretary and Treasurer of the Association, Joaquin Guillam\u00f3 and Marco Martinetti, and representatives of the six participating restaurants, has presented this morning the Gastronomic Days \"Torrevieja and the Sea\", to be held from 12 to 14 and 19 to 21 June, with the participation of 6 partner restaurants, where you can enjoy their menus at lunchtime at a single price of 60 euros.<\/p>\n\n\n\n<p>The participants of this conference are the following:&nbsp;<\/p>\n\n\n\n<ul class=\"wp-block-list\">\n<li><strong>&nbsp;&nbsp;Wednesday 12 June: Bianco Sea Emotion<\/strong><\/li>\n\n\n\n<li><strong>&nbsp;&nbsp;Thursday 13 June: Sunset Beach Restaurant<\/strong><\/li>\n\n\n\n<li><strong>&nbsp;&nbsp;Friday 14 June: Restaurant Mes\u00f3n El Huertano<\/strong><\/li>\n\n\n\n<li><strong>&nbsp;&nbsp;Wednesday 19 June: Mes\u00f3n Las Jarras<\/strong><\/li>\n\n\n\n<li><strong>&nbsp;&nbsp;Thursday 20 June: Mes\u00f3n de la Costa Restaurant<\/strong><\/li>\n\n\n\n<li><strong>&nbsp;&nbsp;Friday 21 June: Mes\u00f3n Las Villas Restaurant<\/strong><\/li>\n<\/ul>\n\n\n\n<p><\/p>\n\n\n\n<p>President Jos\u00e9 Ignacio Pastor underlined the importance of these events to enhance the region's culinary offerings and attract both residents and tourists.\u00a0<strong><em>\"These conferences are essential to maintain the relevance and competitiveness of the hospitality sector\".<\/em><\/strong>\u00a0He added that events like this not only highlight the gastronomic richness of Torrevieja, but also strengthen the local economy and foster a sense of community among entrepreneurs in the sector. \"<strong><em>We want both locals and visitors to enjoy a unique culinary experience, appreciating the quality and diversity of our gastronomic offer\".<\/em>\u00a0<\/strong>concluded.<\/p>\n\n\n\n<p>For her part, councillor Rosario Mart\u00ednez emphasised the council's commitment to the promotion of local gastronomy.&nbsp;<strong><em>\"The conference not only enhances the value of seafood products, but also promotes tourism and the local economy,\" he said.<\/em><\/strong>&nbsp;said Rosario. He stressed that support for this type of event is a priority for the local administration, as they help to position Torrevieja as a gastronomic destination of reference.&nbsp;<strong><em>\"We are working closely with the hoteliers to ensure that these days are a success and reflect the excellence of our gastronomy,\" he said.<\/em><\/strong>&nbsp;said the councillor.<\/p>\n\n\n\n<p><\/p>\n\n\n\n<figure class=\"wp-block-image size-large\"><img fetchpriority=\"high\" decoding=\"async\" width=\"1024\" height=\"541\" src=\"https:\/\/www.torreviejagastronomica.com\/wp-content\/uploads\/2024\/05\/POLIDIPTICO-JORNADAS-2024-1--1024x541.jpg\" alt=\"\" class=\"wp-image-4747\" srcset=\"https:\/\/www.torreviejagastronomica.com\/wp-content\/uploads\/2024\/05\/POLIDIPTICO-JORNADAS-2024-1--1024x541.jpg 1024w, https:\/\/www.torreviejagastronomica.com\/wp-content\/uploads\/2024\/05\/POLIDIPTICO-JORNADAS-2024-1--300x158.jpg 300w, https:\/\/www.torreviejagastronomica.com\/wp-content\/uploads\/2024\/05\/POLIDIPTICO-JORNADAS-2024-1--768x406.jpg 768w, https:\/\/www.torreviejagastronomica.com\/wp-content\/uploads\/2024\/05\/POLIDIPTICO-JORNADAS-2024-1--1536x811.jpg 1536w, https:\/\/www.torreviejagastronomica.com\/wp-content\/uploads\/2024\/05\/POLIDIPTICO-JORNADAS-2024-1-.jpg 1784w\" sizes=\"(max-width: 1024px) 100vw, 1024px\" \/><\/figure>\n\n\n\n<figure class=\"wp-block-image size-large\"><img decoding=\"async\" width=\"1024\" height=\"541\" src=\"https:\/\/www.torreviejagastronomica.com\/wp-content\/uploads\/2024\/05\/2-1024x541.jpg\" alt=\"\" class=\"wp-image-4748\" srcset=\"https:\/\/www.torreviejagastronomica.com\/wp-content\/uploads\/2024\/05\/2-1024x541.jpg 1024w, https:\/\/www.torreviejagastronomica.com\/wp-content\/uploads\/2024\/05\/2-300x159.jpg 300w, https:\/\/www.torreviejagastronomica.com\/wp-content\/uploads\/2024\/05\/2-768x406.jpg 768w, https:\/\/www.torreviejagastronomica.com\/wp-content\/uploads\/2024\/05\/2-1536x812.jpg 1536w, https:\/\/www.torreviejagastronomica.com\/wp-content\/uploads\/2024\/05\/2.jpg 1786w\" sizes=\"(max-width: 1024px) 100vw, 1024px\" \/><\/figure>","protected":false},"excerpt":{"rendered":"<p>Moment of the presentation at Bianco Sea Emotion Restaurant<\/p>","protected":false},"author":4,"featured_media":4749,"comment_status":"open","ping_status":"open","sticky":false,"template":"","format":"standard","meta":{"footnotes":""},"categories":[1],"tags":[],"class_list":["post-4745","post","type-post","status-publish","format-standard","has-post-thumbnail","hentry","category-uncategorized"],"yoast_head":"<!-- This site is optimized with the Yoast SEO plugin v25.7 - https:\/\/yoast.com\/wordpress\/plugins\/seo\/ -->\n<title>Presentadas las jornadas gastron\u00f3micas \u00abTorrevieja y el Mar\u00bb 2024. - Torrevieja Gastron\u00f3mica<\/title>\n<meta name=\"robots\" content=\"index, follow, max-snippet:-1, max-image-preview:large, max-video-preview:-1\" \/>\n<link rel=\"canonical\" href=\"https:\/\/www.torreviejagastronomica.com\/en\/presentadas-las-jornadas-gastronomicas-torrevieja-y-el-mar-2024\/\" \/>\n<meta property=\"og:locale\" content=\"en_GB\" \/>\n<meta property=\"og:type\" content=\"article\" \/>\n<meta property=\"og:title\" content=\"Presentadas las jornadas gastron\u00f3micas \u00abTorrevieja y el Mar\u00bb 2024. - Torrevieja Gastron\u00f3mica\" \/>\n<meta property=\"og:description\" content=\"Momento de la presentaci\u00f3n en \u00a0Restaurante Bianco Sea\u00a0Emotion\" \/>\n<meta property=\"og:url\" content=\"https:\/\/www.torreviejagastronomica.com\/en\/presentadas-las-jornadas-gastronomicas-torrevieja-y-el-mar-2024\/\" \/>\n<meta property=\"og:site_name\" content=\"Torrevieja Gastron\u00f3mica\" \/>\n<meta property=\"article:published_time\" content=\"2024-05-29T16:44:14+00:00\" \/>\n<meta property=\"article:modified_time\" content=\"2024-05-29T20:23:07+00:00\" \/>\n<meta property=\"og:image\" content=\"https:\/\/www.torreviejagastronomica.com\/wp-content\/uploads\/2024\/05\/este-si-en-tamano-grande.jpeg\" \/>\n\t<meta property=\"og:image:width\" content=\"1280\" \/>\n\t<meta property=\"og:image:height\" content=\"720\" \/>\n\t<meta property=\"og:image:type\" content=\"image\/jpeg\" \/>\n<meta name=\"author\" content=\"Asociaci\u00f3n de Empresas de Hosteler\u00eda de Torrevieja y Comarca\" \/>\n<meta name=\"twitter:card\" content=\"summary_large_image\" \/>\n<meta name=\"twitter:label1\" content=\"Written by\" \/>\n\t<meta name=\"twitter:data1\" content=\"Asociaci\u00f3n de Empresas de Hosteler\u00eda de Torrevieja y Comarca\" \/>\n\t<meta name=\"twitter:label2\" content=\"Estimated reading time\" \/>\n\t<meta name=\"twitter:data2\" content=\"3 minutes\" \/>\n<script type=\"application\/ld+json\" class=\"yoast-schema-graph\">{\"@context\":\"https:\/\/schema.org\",\"@graph\":[{\"@type\":\"Article\",\"@id\":\"https:\/\/www.torreviejagastronomica.com\/presentadas-las-jornadas-gastronomicas-torrevieja-y-el-mar-2024\/#article\",\"isPartOf\":{\"@id\":\"https:\/\/www.torreviejagastronomica.com\/presentadas-las-jornadas-gastronomicas-torrevieja-y-el-mar-2024\/\"},\"author\":{\"name\":\"Asociaci\u00f3n de Empresas de Hosteler\u00eda de Torrevieja y Comarca\",\"@id\":\"https:\/\/www.torreviejagastronomica.com\/#\/schema\/person\/9e0116f808f941d46f9baadf5335f0a9\"},\"headline\":\"Presentadas las jornadas gastron\u00f3micas \u00abTorrevieja y el Mar\u00bb 2024.\",\"datePublished\":\"2024-05-29T16:44:14+00:00\",\"dateModified\":\"2024-05-29T20:23:07+00:00\",\"mainEntityOfPage\":{\"@id\":\"https:\/\/www.torreviejagastronomica.com\/presentadas-las-jornadas-gastronomicas-torrevieja-y-el-mar-2024\/\"},\"wordCount\":441,\"commentCount\":0,\"publisher\":{\"@id\":\"https:\/\/www.torreviejagastronomica.com\/#organization\"},\"image\":{\"@id\":\"https:\/\/www.torreviejagastronomica.com\/presentadas-las-jornadas-gastronomicas-torrevieja-y-el-mar-2024\/#primaryimage\"},\"thumbnailUrl\":\"https:\/\/www.torreviejagastronomica.com\/wp-content\/uploads\/2024\/05\/este-si-en-tamano-grande.jpeg\",\"articleSection\":[\"Uncategorized\"],\"inLanguage\":\"en-GB\",\"potentialAction\":[{\"@type\":\"CommentAction\",\"name\":\"Comment\",\"target\":[\"https:\/\/www.torreviejagastronomica.com\/presentadas-las-jornadas-gastronomicas-torrevieja-y-el-mar-2024\/#respond\"]}]},{\"@type\":\"WebPage\",\"@id\":\"https:\/\/www.torreviejagastronomica.com\/presentadas-las-jornadas-gastronomicas-torrevieja-y-el-mar-2024\/\",\"url\":\"https:\/\/www.torreviejagastronomica.com\/presentadas-las-jornadas-gastronomicas-torrevieja-y-el-mar-2024\/\",\"name\":\"Presentadas las jornadas gastron\u00f3micas \u00abTorrevieja y el Mar\u00bb 2024. - Torrevieja Gastron\u00f3mica\",\"isPartOf\":{\"@id\":\"https:\/\/www.torreviejagastronomica.com\/#website\"},\"primaryImageOfPage\":{\"@id\":\"https:\/\/www.torreviejagastronomica.com\/presentadas-las-jornadas-gastronomicas-torrevieja-y-el-mar-2024\/#primaryimage\"},\"image\":{\"@id\":\"https:\/\/www.torreviejagastronomica.com\/presentadas-las-jornadas-gastronomicas-torrevieja-y-el-mar-2024\/#primaryimage\"},\"thumbnailUrl\":\"https:\/\/www.torreviejagastronomica.com\/wp-content\/uploads\/2024\/05\/este-si-en-tamano-grande.jpeg\",\"datePublished\":\"2024-05-29T16:44:14+00:00\",\"dateModified\":\"2024-05-29T20:23:07+00:00\",\"breadcrumb\":{\"@id\":\"https:\/\/www.torreviejagastronomica.com\/presentadas-las-jornadas-gastronomicas-torrevieja-y-el-mar-2024\/#breadcrumb\"},\"inLanguage\":\"en-GB\",\"potentialAction\":[{\"@type\":\"ReadAction\",\"target\":[\"https:\/\/www.torreviejagastronomica.com\/presentadas-las-jornadas-gastronomicas-torrevieja-y-el-mar-2024\/\"]}]},{\"@type\":\"ImageObject\",\"inLanguage\":\"en-GB\",\"@id\":\"https:\/\/www.torreviejagastronomica.com\/presentadas-las-jornadas-gastronomicas-torrevieja-y-el-mar-2024\/#primaryimage\",\"url\":\"https:\/\/www.torreviejagastronomica.com\/wp-content\/uploads\/2024\/05\/este-si-en-tamano-grande.jpeg\",\"contentUrl\":\"https:\/\/www.torreviejagastronomica.com\/wp-content\/uploads\/2024\/05\/este-si-en-tamano-grande.jpeg\",\"width\":1280,\"height\":720},{\"@type\":\"BreadcrumbList\",\"@id\":\"https:\/\/www.torreviejagastronomica.com\/presentadas-las-jornadas-gastronomicas-torrevieja-y-el-mar-2024\/#breadcrumb\",\"itemListElement\":[{\"@type\":\"ListItem\",\"position\":1,\"name\":\"Portada\",\"item\":\"https:\/\/www.torreviejagastronomica.com\/\"},{\"@type\":\"ListItem\",\"position\":2,\"name\":\"Presentadas las jornadas gastron\u00f3micas \u00abTorrevieja y el Mar\u00bb 2024.\"}]},{\"@type\":\"WebSite\",\"@id\":\"https:\/\/www.torreviejagastronomica.com\/#website\",\"url\":\"https:\/\/www.torreviejagastronomica.com\/\",\"name\":\"Torrevieja Gastron\u00f3mica\",\"description\":\"Asociaci\u00f3n Hosteler\u00eda Torrevieja y Comarca\",\"publisher\":{\"@id\":\"https:\/\/www.torreviejagastronomica.com\/#organization\"},\"potentialAction\":[{\"@type\":\"SearchAction\",\"target\":{\"@type\":\"EntryPoint\",\"urlTemplate\":\"https:\/\/www.torreviejagastronomica.com\/?s={search_term_string}\"},\"query-input\":{\"@type\":\"PropertyValueSpecification\",\"valueRequired\":true,\"valueName\":\"search_term_string\"}}],\"inLanguage\":\"en-GB\"},{\"@type\":\"Organization\",\"@id\":\"https:\/\/www.torreviejagastronomica.com\/#organization\",\"name\":\"Torrevieja Gastron\u00f3mica\",\"url\":\"https:\/\/www.torreviejagastronomica.com\/\",\"logo\":{\"@type\":\"ImageObject\",\"inLanguage\":\"en-GB\",\"@id\":\"https:\/\/www.torreviejagastronomica.com\/#\/schema\/logo\/image\/\",\"url\":\"https:\/\/www.torreviejagastronomica.com\/wp-content\/uploads\/2023\/09\/Logo-Torrevieja-Gastronomica.png\",\"contentUrl\":\"https:\/\/www.torreviejagastronomica.com\/wp-content\/uploads\/2023\/09\/Logo-Torrevieja-Gastronomica.png\",\"width\":350,\"height\":100,\"caption\":\"Torrevieja Gastron\u00f3mica\"},\"image\":{\"@id\":\"https:\/\/www.torreviejagastronomica.com\/#\/schema\/logo\/image\/\"}},{\"@type\":\"Person\",\"@id\":\"https:\/\/www.torreviejagastronomica.com\/#\/schema\/person\/9e0116f808f941d46f9baadf5335f0a9\",\"name\":\"Asociaci\u00f3n de Empresas de Hosteler\u00eda de Torrevieja y Comarca\",\"image\":{\"@type\":\"ImageObject\",\"inLanguage\":\"en-GB\",\"@id\":\"https:\/\/www.torreviejagastronomica.com\/#\/schema\/person\/image\/\",\"url\":\"https:\/\/secure.gravatar.com\/avatar\/32ba6ba6e685fc061412a65c4a8a8b6caaf6d90d0985a737a4015d36e84d2d1f?s=96&d=mm&r=g\",\"contentUrl\":\"https:\/\/secure.gravatar.com\/avatar\/32ba6ba6e685fc061412a65c4a8a8b6caaf6d90d0985a737a4015d36e84d2d1f?s=96&d=mm&r=g\",\"caption\":\"Asociaci\u00f3n de Empresas de Hosteler\u00eda de Torrevieja y Comarca\"},\"url\":\"https:\/\/www.torreviejagastronomica.com\/en\/author\/hosteleria\/\"}]}<\/script>\n<!-- \/ Yoast SEO plugin. -->","yoast_head_json":{"title":"Presentadas las jornadas gastron\u00f3micas \u00abTorrevieja y el Mar\u00bb 2024. - Torrevieja Gastron\u00f3mica","robots":{"index":"index","follow":"follow","max-snippet":"max-snippet:-1","max-image-preview":"max-image-preview:large","max-video-preview":"max-video-preview:-1"},"canonical":"https:\/\/www.torreviejagastronomica.com\/en\/presentadas-las-jornadas-gastronomicas-torrevieja-y-el-mar-2024\/","og_locale":"en_GB","og_type":"article","og_title":"Presentadas las jornadas gastron\u00f3micas \u00abTorrevieja y el Mar\u00bb 2024. - Torrevieja Gastron\u00f3mica","og_description":"Momento de la presentaci\u00f3n en \u00a0Restaurante Bianco Sea\u00a0Emotion","og_url":"https:\/\/www.torreviejagastronomica.com\/en\/presentadas-las-jornadas-gastronomicas-torrevieja-y-el-mar-2024\/","og_site_name":"Torrevieja Gastron\u00f3mica","article_published_time":"2024-05-29T16:44:14+00:00","article_modified_time":"2024-05-29T20:23:07+00:00","og_image":[{"width":1280,"height":720,"url":"https:\/\/www.torreviejagastronomica.com\/wp-content\/uploads\/2024\/05\/este-si-en-tamano-grande.jpeg","type":"image\/jpeg"}],"author":"Asociaci\u00f3n de Empresas de Hosteler\u00eda de Torrevieja y Comarca","twitter_card":"summary_large_image","twitter_misc":{"Written by":"Asociaci\u00f3n de Empresas de Hosteler\u00eda de Torrevieja y Comarca","Estimated reading time":"3 minutes"},"schema":{"@context":"https:\/\/schema.org","@graph":[{"@type":"Article","@id":"https:\/\/www.torreviejagastronomica.com\/presentadas-las-jornadas-gastronomicas-torrevieja-y-el-mar-2024\/#article","isPartOf":{"@id":"https:\/\/www.torreviejagastronomica.com\/presentadas-las-jornadas-gastronomicas-torrevieja-y-el-mar-2024\/"},"author":{"name":"Asociaci\u00f3n de Empresas de Hosteler\u00eda de Torrevieja y Comarca","@id":"https:\/\/www.torreviejagastronomica.com\/#\/schema\/person\/9e0116f808f941d46f9baadf5335f0a9"},"headline":"Presentadas las jornadas gastron\u00f3micas \u00abTorrevieja y el Mar\u00bb 2024.","datePublished":"2024-05-29T16:44:14+00:00","dateModified":"2024-05-29T20:23:07+00:00","mainEntityOfPage":{"@id":"https:\/\/www.torreviejagastronomica.com\/presentadas-las-jornadas-gastronomicas-torrevieja-y-el-mar-2024\/"},"wordCount":441,"commentCount":0,"publisher":{"@id":"https:\/\/www.torreviejagastronomica.com\/#organization"},"image":{"@id":"https:\/\/www.torreviejagastronomica.com\/presentadas-las-jornadas-gastronomicas-torrevieja-y-el-mar-2024\/#primaryimage"},"thumbnailUrl":"https:\/\/www.torreviejagastronomica.com\/wp-content\/uploads\/2024\/05\/este-si-en-tamano-grande.jpeg","articleSection":["Uncategorized"],"inLanguage":"en-GB","potentialAction":[{"@type":"CommentAction","name":"Comment","target":["https:\/\/www.torreviejagastronomica.com\/presentadas-las-jornadas-gastronomicas-torrevieja-y-el-mar-2024\/#respond"]}]},{"@type":"WebPage","@id":"https:\/\/www.torreviejagastronomica.com\/presentadas-las-jornadas-gastronomicas-torrevieja-y-el-mar-2024\/","url":"https:\/\/www.torreviejagastronomica.com\/presentadas-las-jornadas-gastronomicas-torrevieja-y-el-mar-2024\/","name":"Presentadas las jornadas gastron\u00f3micas \u00abTorrevieja y el Mar\u00bb 2024. - Torrevieja Gastron\u00f3mica","isPartOf":{"@id":"https:\/\/www.torreviejagastronomica.com\/#website"},"primaryImageOfPage":{"@id":"https:\/\/www.torreviejagastronomica.com\/presentadas-las-jornadas-gastronomicas-torrevieja-y-el-mar-2024\/#primaryimage"},"image":{"@id":"https:\/\/www.torreviejagastronomica.com\/presentadas-las-jornadas-gastronomicas-torrevieja-y-el-mar-2024\/#primaryimage"},"thumbnailUrl":"https:\/\/www.torreviejagastronomica.com\/wp-content\/uploads\/2024\/05\/este-si-en-tamano-grande.jpeg","datePublished":"2024-05-29T16:44:14+00:00","dateModified":"2024-05-29T20:23:07+00:00","breadcrumb":{"@id":"https:\/\/www.torreviejagastronomica.com\/presentadas-las-jornadas-gastronomicas-torrevieja-y-el-mar-2024\/#breadcrumb"},"inLanguage":"en-GB","potentialAction":[{"@type":"ReadAction","target":["https:\/\/www.torreviejagastronomica.com\/presentadas-las-jornadas-gastronomicas-torrevieja-y-el-mar-2024\/"]}]},{"@type":"ImageObject","inLanguage":"en-GB","@id":"https:\/\/www.torreviejagastronomica.com\/presentadas-las-jornadas-gastronomicas-torrevieja-y-el-mar-2024\/#primaryimage","url":"https:\/\/www.torreviejagastronomica.com\/wp-content\/uploads\/2024\/05\/este-si-en-tamano-grande.jpeg","contentUrl":"https:\/\/www.torreviejagastronomica.com\/wp-content\/uploads\/2024\/05\/este-si-en-tamano-grande.jpeg","width":1280,"height":720},{"@type":"BreadcrumbList","@id":"https:\/\/www.torreviejagastronomica.com\/presentadas-las-jornadas-gastronomicas-torrevieja-y-el-mar-2024\/#breadcrumb","itemListElement":[{"@type":"ListItem","position":1,"name":"Portada","item":"https:\/\/www.torreviejagastronomica.com\/"},{"@type":"ListItem","position":2,"name":"Presentadas las jornadas gastron\u00f3micas \u00abTorrevieja y el Mar\u00bb 2024."}]},{"@type":"WebSite","@id":"https:\/\/www.torreviejagastronomica.com\/#website","url":"https:\/\/www.torreviejagastronomica.com\/","name":"Torrevieja Gastron\u00f3mica","description":"Asociaci\u00f3n Hosteler\u00eda Torrevieja y Comarca","publisher":{"@id":"https:\/\/www.torreviejagastronomica.com\/#organization"},"potentialAction":[{"@type":"SearchAction","target":{"@type":"EntryPoint","urlTemplate":"https:\/\/www.torreviejagastronomica.com\/?s={search_term_string}"},"query-input":{"@type":"PropertyValueSpecification","valueRequired":true,"valueName":"search_term_string"}}],"inLanguage":"en-GB"},{"@type":"Organization","@id":"https:\/\/www.torreviejagastronomica.com\/#organization","name":"Torrevieja Gastron\u00f3mica","url":"https:\/\/www.torreviejagastronomica.com\/","logo":{"@type":"ImageObject","inLanguage":"en-GB","@id":"https:\/\/www.torreviejagastronomica.com\/#\/schema\/logo\/image\/","url":"https:\/\/www.torreviejagastronomica.com\/wp-content\/uploads\/2023\/09\/Logo-Torrevieja-Gastronomica.png","contentUrl":"https:\/\/www.torreviejagastronomica.com\/wp-content\/uploads\/2023\/09\/Logo-Torrevieja-Gastronomica.png","width":350,"height":100,"caption":"Torrevieja Gastron\u00f3mica"},"image":{"@id":"https:\/\/www.torreviejagastronomica.com\/#\/schema\/logo\/image\/"}},{"@type":"Person","@id":"https:\/\/www.torreviejagastronomica.com\/#\/schema\/person\/9e0116f808f941d46f9baadf5335f0a9","name":"Asociaci\u00f3n de Empresas de Hosteler\u00eda de Torrevieja y Comarca","image":{"@type":"ImageObject","inLanguage":"en-GB","@id":"https:\/\/www.torreviejagastronomica.com\/#\/schema\/person\/image\/","url":"https:\/\/secure.gravatar.com\/avatar\/32ba6ba6e685fc061412a65c4a8a8b6caaf6d90d0985a737a4015d36e84d2d1f?s=96&d=mm&r=g","contentUrl":"https:\/\/secure.gravatar.com\/avatar\/32ba6ba6e685fc061412a65c4a8a8b6caaf6d90d0985a737a4015d36e84d2d1f?s=96&d=mm&r=g","caption":"Asociaci\u00f3n de Empresas de Hosteler\u00eda de Torrevieja y Comarca"},"url":"https:\/\/www.torreviejagastronomica.com\/en\/author\/hosteleria\/"}]}},"_links":{"self":[{"href":"https:\/\/www.torreviejagastronomica.com\/en\/wp-json\/wp\/v2\/posts\/4745","targetHints":{"allow":["GET"]}}],"collection":[{"href":"https:\/\/www.torreviejagastronomica.com\/en\/wp-json\/wp\/v2\/posts"}],"about":[{"href":"https:\/\/www.torreviejagastronomica.com\/en\/wp-json\/wp\/v2\/types\/post"}],"author":[{"embeddable":true,"href":"https:\/\/www.torreviejagastronomica.com\/en\/wp-json\/wp\/v2\/users\/4"}],"replies":[{"embeddable":true,"href":"https:\/\/www.torreviejagastronomica.com\/en\/wp-json\/wp\/v2\/comments?post=4745"}],"version-history":[{"count":2,"href":"https:\/\/www.torreviejagastronomica.com\/en\/wp-json\/wp\/v2\/posts\/4745\/revisions"}],"predecessor-version":[{"id":4752,"href":"https:\/\/www.torreviejagastronomica.com\/en\/wp-json\/wp\/v2\/posts\/4745\/revisions\/4752"}],"wp:featuredmedia":[{"embeddable":true,"href":"https:\/\/www.torreviejagastronomica.com\/en\/wp-json\/wp\/v2\/media\/4749"}],"wp:attachment":[{"href":"https:\/\/www.torreviejagastronomica.com\/en\/wp-json\/wp\/v2\/media?parent=4745"}],"wp:term":[{"taxonomy":"category","embeddable":true,"href":"https:\/\/www.torreviejagastronomica.com\/en\/wp-json\/wp\/v2\/categories?post=4745"},{"taxonomy":"post_tag","embeddable":true,"href":"https:\/\/www.torreviejagastronomica.com\/en\/wp-json\/wp\/v2\/tags?post=4745"}],"curies":[{"name":"wp","href":"https:\/\/api.w.org\/{rel}","templated":true}]}}