{"id":4570,"date":"2024-01-31T14:29:40","date_gmt":"2024-01-31T13:29:40","guid":{"rendered":"https:\/\/www.torreviejagastronomica.com\/?p=4570"},"modified":"2024-01-31T14:30:01","modified_gmt":"2024-01-31T13:30:01","slug":"nueva-edicion-de-jornadas-de-los-platos-de-cuchara-del-14-de-feb-al-3-de-marzo","status":"publish","type":"post","link":"https:\/\/www.torreviejagastronomica.com\/en\/nueva-edicion-de-jornadas-de-los-platos-de-cuchara-del-14-de-feb-al-3-de-marzo\/","title":{"rendered":"New edition of \"Jornadas de los Platos de Cuchara\" from 14th February to 3rd March."},"content":{"rendered":"<p>The Confederaci\u00f3n de Hosteler\u00eda y Turismo de la Comunidad Valenciana (CONHOSTUR) with the collaboration of Turisme Comunitat Valenciana - Lexquisit Mediterrani, is launching a new edition of the \".<strong>Days of Spoon Dishes\".<\/strong>&nbsp;to be held&nbsp;<strong><u>from 14 February to 3 March 2024<\/u><\/strong>. &nbsp;<\/p>\n\n\n\n<p>The aim of this gastronomic event is to highlight the gastronomic tradition and the high quality of the restaurant offer in the municipalities of the Valencian Community, promoting local gastronomy as a sign of identity.<\/p>\n\n\n\n<p>Interested restaurants should fill in the registration form available at this link&nbsp;<strong><a href=\"https:\/\/inscripciones.conhostur.es\/\">REGISTRATION<\/a><\/strong>&nbsp;<strong><u>before 9 February<\/u><\/strong>. And make a menu proposal with a&nbsp;<strong>spoon dish in the spotlight<\/strong>The report shall include&nbsp;<strong>a recipe or typical product of the traditional gastronomy of the area<\/strong>&nbsp;and accompanied by local wine. With a price&nbsp;<strong><u>from 20 euros (VAT included)<\/u><\/strong>.<\/p>\n\n\n\n<p><strong>OPTIONAL (VALENTINE'S DAY MENU)<\/strong><\/p>\n\n\n\n<p>As a novelty for this edition, and coinciding with the celebration of Valentine's Day, we invite you to add to your proposals a Valentine's menu (optional) with special dishes or desserts typical of those days.<\/p>\n\n\n\n<p>For any further information or queries you can contact CONHOSTUR by telephone on 963 51 51 76 or by email at&nbsp;<a href=\"mailto:proyectos@conhostur.es\">proyectos@conhostur.es<\/a><\/p>\n\n\n\n<p>Important! If you are going to participate, please inform us so that we can monitor your registration.&nbsp;<\/p>","protected":false},"excerpt":{"rendered":"<p>with the collaboration of Turisme Comunitat Valenciana - Lexquisit Mediterrani, are launching a new edition of the<\/p>","protected":false},"author":4,"featured_media":4571,"comment_status":"open","ping_status":"open","sticky":false,"template":"","format":"standard","meta":{"footnotes":""},"categories":[1],"tags":[],"class_list":["post-4570","post","type-post","status-publish","format-standard","has-post-thumbnail","hentry","category-uncategorized"],"yoast_head":"<!-- This site is optimized with the Yoast SEO plugin v25.7 - https:\/\/yoast.com\/wordpress\/plugins\/seo\/ -->\n<title>Nueva edici\u00f3n de \u201cJornadas de los Platos de Cuchara\u201d del 14 de feb. al 3 de marzo. - Torrevieja Gastron\u00f3mica<\/title>\n<meta name=\"robots\" content=\"index, follow, max-snippet:-1, max-image-preview:large, max-video-preview:-1\" \/>\n<link rel=\"canonical\" href=\"https:\/\/www.torreviejagastronomica.com\/en\/nueva-edicion-de-jornadas-de-los-platos-de-cuchara-del-14-de-feb-al-3-de-marzo\/\" \/>\n<meta property=\"og:locale\" content=\"en_GB\" \/>\n<meta property=\"og:type\" content=\"article\" \/>\n<meta property=\"og:title\" content=\"Nueva edici\u00f3n de \u201cJornadas de los Platos de Cuchara\u201d del 14 de feb. al 3 de marzo. - Torrevieja Gastron\u00f3mica\" \/>\n<meta property=\"og:description\" content=\"la colaboraci\u00f3n de Turisme Comunitat Valenciana - Lexquisit Mediterrani,\u00a0ponen\u00a0en marcha\u00a0una nueva edici\u00f3n\" \/>\n<meta property=\"og:url\" content=\"https:\/\/www.torreviejagastronomica.com\/en\/nueva-edicion-de-jornadas-de-los-platos-de-cuchara-del-14-de-feb-al-3-de-marzo\/\" \/>\n<meta property=\"og:site_name\" content=\"Torrevieja Gastron\u00f3mica\" \/>\n<meta property=\"article:published_time\" content=\"2024-01-31T13:29:40+00:00\" \/>\n<meta property=\"article:modified_time\" content=\"2024-01-31T13:30:01+00:00\" \/>\n<meta property=\"og:image\" content=\"https:\/\/www.torreviejagastronomica.com\/wp-content\/uploads\/2024\/01\/Unknown.jpeg\" \/>\n\t<meta property=\"og:image:width\" content=\"719\" \/>\n\t<meta property=\"og:image:height\" content=\"245\" \/>\n\t<meta property=\"og:image:type\" content=\"image\/jpeg\" \/>\n<meta name=\"author\" content=\"Asociaci\u00f3n de Empresas de Hosteler\u00eda de Torrevieja y Comarca\" \/>\n<meta name=\"twitter:card\" content=\"summary_large_image\" \/>\n<meta name=\"twitter:label1\" content=\"Written by\" \/>\n\t<meta name=\"twitter:data1\" content=\"Asociaci\u00f3n de Empresas de Hosteler\u00eda de Torrevieja y Comarca\" \/>\n\t<meta name=\"twitter:label2\" content=\"Estimated reading time\" \/>\n\t<meta name=\"twitter:data2\" content=\"2 minutes\" \/>\n<script type=\"application\/ld+json\" class=\"yoast-schema-graph\">{\"@context\":\"https:\/\/schema.org\",\"@graph\":[{\"@type\":\"Article\",\"@id\":\"https:\/\/www.torreviejagastronomica.com\/nueva-edicion-de-jornadas-de-los-platos-de-cuchara-del-14-de-feb-al-3-de-marzo\/#article\",\"isPartOf\":{\"@id\":\"https:\/\/www.torreviejagastronomica.com\/nueva-edicion-de-jornadas-de-los-platos-de-cuchara-del-14-de-feb-al-3-de-marzo\/\"},\"author\":{\"name\":\"Asociaci\u00f3n de Empresas de Hosteler\u00eda de Torrevieja y Comarca\",\"@id\":\"https:\/\/www.torreviejagastronomica.com\/#\/schema\/person\/9e0116f808f941d46f9baadf5335f0a9\"},\"headline\":\"Nueva edici\u00f3n de \u201cJornadas de los Platos de Cuchara\u201d del 14 de feb. al 3 de marzo.\",\"datePublished\":\"2024-01-31T13:29:40+00:00\",\"dateModified\":\"2024-01-31T13:30:01+00:00\",\"mainEntityOfPage\":{\"@id\":\"https:\/\/www.torreviejagastronomica.com\/nueva-edicion-de-jornadas-de-los-platos-de-cuchara-del-14-de-feb-al-3-de-marzo\/\"},\"wordCount\":292,\"commentCount\":0,\"publisher\":{\"@id\":\"https:\/\/www.torreviejagastronomica.com\/#organization\"},\"image\":{\"@id\":\"https:\/\/www.torreviejagastronomica.com\/nueva-edicion-de-jornadas-de-los-platos-de-cuchara-del-14-de-feb-al-3-de-marzo\/#primaryimage\"},\"thumbnailUrl\":\"https:\/\/www.torreviejagastronomica.com\/wp-content\/uploads\/2024\/01\/Unknown.jpeg\",\"articleSection\":[\"Uncategorized\"],\"inLanguage\":\"en-GB\",\"potentialAction\":[{\"@type\":\"CommentAction\",\"name\":\"Comment\",\"target\":[\"https:\/\/www.torreviejagastronomica.com\/nueva-edicion-de-jornadas-de-los-platos-de-cuchara-del-14-de-feb-al-3-de-marzo\/#respond\"]}]},{\"@type\":\"WebPage\",\"@id\":\"https:\/\/www.torreviejagastronomica.com\/nueva-edicion-de-jornadas-de-los-platos-de-cuchara-del-14-de-feb-al-3-de-marzo\/\",\"url\":\"https:\/\/www.torreviejagastronomica.com\/nueva-edicion-de-jornadas-de-los-platos-de-cuchara-del-14-de-feb-al-3-de-marzo\/\",\"name\":\"Nueva edici\u00f3n de \u201cJornadas de los Platos de Cuchara\u201d del 14 de feb. al 3 de marzo. - Torrevieja Gastron\u00f3mica\",\"isPartOf\":{\"@id\":\"https:\/\/www.torreviejagastronomica.com\/#website\"},\"primaryImageOfPage\":{\"@id\":\"https:\/\/www.torreviejagastronomica.com\/nueva-edicion-de-jornadas-de-los-platos-de-cuchara-del-14-de-feb-al-3-de-marzo\/#primaryimage\"},\"image\":{\"@id\":\"https:\/\/www.torreviejagastronomica.com\/nueva-edicion-de-jornadas-de-los-platos-de-cuchara-del-14-de-feb-al-3-de-marzo\/#primaryimage\"},\"thumbnailUrl\":\"https:\/\/www.torreviejagastronomica.com\/wp-content\/uploads\/2024\/01\/Unknown.jpeg\",\"datePublished\":\"2024-01-31T13:29:40+00:00\",\"dateModified\":\"2024-01-31T13:30:01+00:00\",\"breadcrumb\":{\"@id\":\"https:\/\/www.torreviejagastronomica.com\/nueva-edicion-de-jornadas-de-los-platos-de-cuchara-del-14-de-feb-al-3-de-marzo\/#breadcrumb\"},\"inLanguage\":\"en-GB\",\"potentialAction\":[{\"@type\":\"ReadAction\",\"target\":[\"https:\/\/www.torreviejagastronomica.com\/nueva-edicion-de-jornadas-de-los-platos-de-cuchara-del-14-de-feb-al-3-de-marzo\/\"]}]},{\"@type\":\"ImageObject\",\"inLanguage\":\"en-GB\",\"@id\":\"https:\/\/www.torreviejagastronomica.com\/nueva-edicion-de-jornadas-de-los-platos-de-cuchara-del-14-de-feb-al-3-de-marzo\/#primaryimage\",\"url\":\"https:\/\/www.torreviejagastronomica.com\/wp-content\/uploads\/2024\/01\/Unknown.jpeg\",\"contentUrl\":\"https:\/\/www.torreviejagastronomica.com\/wp-content\/uploads\/2024\/01\/Unknown.jpeg\",\"width\":719,\"height\":245},{\"@type\":\"BreadcrumbList\",\"@id\":\"https:\/\/www.torreviejagastronomica.com\/nueva-edicion-de-jornadas-de-los-platos-de-cuchara-del-14-de-feb-al-3-de-marzo\/#breadcrumb\",\"itemListElement\":[{\"@type\":\"ListItem\",\"position\":1,\"name\":\"Portada\",\"item\":\"https:\/\/www.torreviejagastronomica.com\/\"},{\"@type\":\"ListItem\",\"position\":2,\"name\":\"Nueva edici\u00f3n de \u201cJornadas de los Platos de Cuchara\u201d del 14 de feb. al 3 de marzo.\"}]},{\"@type\":\"WebSite\",\"@id\":\"https:\/\/www.torreviejagastronomica.com\/#website\",\"url\":\"https:\/\/www.torreviejagastronomica.com\/\",\"name\":\"Torrevieja Gastron\u00f3mica\",\"description\":\"Asociaci\u00f3n Hosteler\u00eda Torrevieja y Comarca\",\"publisher\":{\"@id\":\"https:\/\/www.torreviejagastronomica.com\/#organization\"},\"potentialAction\":[{\"@type\":\"SearchAction\",\"target\":{\"@type\":\"EntryPoint\",\"urlTemplate\":\"https:\/\/www.torreviejagastronomica.com\/?s={search_term_string}\"},\"query-input\":{\"@type\":\"PropertyValueSpecification\",\"valueRequired\":true,\"valueName\":\"search_term_string\"}}],\"inLanguage\":\"en-GB\"},{\"@type\":\"Organization\",\"@id\":\"https:\/\/www.torreviejagastronomica.com\/#organization\",\"name\":\"Torrevieja Gastron\u00f3mica\",\"url\":\"https:\/\/www.torreviejagastronomica.com\/\",\"logo\":{\"@type\":\"ImageObject\",\"inLanguage\":\"en-GB\",\"@id\":\"https:\/\/www.torreviejagastronomica.com\/#\/schema\/logo\/image\/\",\"url\":\"https:\/\/www.torreviejagastronomica.com\/wp-content\/uploads\/2023\/09\/Logo-Torrevieja-Gastronomica.png\",\"contentUrl\":\"https:\/\/www.torreviejagastronomica.com\/wp-content\/uploads\/2023\/09\/Logo-Torrevieja-Gastronomica.png\",\"width\":350,\"height\":100,\"caption\":\"Torrevieja Gastron\u00f3mica\"},\"image\":{\"@id\":\"https:\/\/www.torreviejagastronomica.com\/#\/schema\/logo\/image\/\"}},{\"@type\":\"Person\",\"@id\":\"https:\/\/www.torreviejagastronomica.com\/#\/schema\/person\/9e0116f808f941d46f9baadf5335f0a9\",\"name\":\"Asociaci\u00f3n de Empresas de Hosteler\u00eda de Torrevieja y Comarca\",\"image\":{\"@type\":\"ImageObject\",\"inLanguage\":\"en-GB\",\"@id\":\"https:\/\/www.torreviejagastronomica.com\/#\/schema\/person\/image\/\",\"url\":\"https:\/\/secure.gravatar.com\/avatar\/32ba6ba6e685fc061412a65c4a8a8b6caaf6d90d0985a737a4015d36e84d2d1f?s=96&d=mm&r=g\",\"contentUrl\":\"https:\/\/secure.gravatar.com\/avatar\/32ba6ba6e685fc061412a65c4a8a8b6caaf6d90d0985a737a4015d36e84d2d1f?s=96&d=mm&r=g\",\"caption\":\"Asociaci\u00f3n de Empresas de Hosteler\u00eda de Torrevieja y Comarca\"},\"url\":\"https:\/\/www.torreviejagastronomica.com\/en\/author\/hosteleria\/\"}]}<\/script>\n<!-- \/ Yoast SEO plugin. -->","yoast_head_json":{"title":"Nueva edici\u00f3n de \u201cJornadas de los Platos de Cuchara\u201d del 14 de feb. al 3 de marzo. - Torrevieja Gastron\u00f3mica","robots":{"index":"index","follow":"follow","max-snippet":"max-snippet:-1","max-image-preview":"max-image-preview:large","max-video-preview":"max-video-preview:-1"},"canonical":"https:\/\/www.torreviejagastronomica.com\/en\/nueva-edicion-de-jornadas-de-los-platos-de-cuchara-del-14-de-feb-al-3-de-marzo\/","og_locale":"en_GB","og_type":"article","og_title":"Nueva edici\u00f3n de \u201cJornadas de los Platos de Cuchara\u201d del 14 de feb. al 3 de marzo. - Torrevieja Gastron\u00f3mica","og_description":"la colaboraci\u00f3n de Turisme Comunitat Valenciana - Lexquisit Mediterrani,\u00a0ponen\u00a0en marcha\u00a0una nueva edici\u00f3n","og_url":"https:\/\/www.torreviejagastronomica.com\/en\/nueva-edicion-de-jornadas-de-los-platos-de-cuchara-del-14-de-feb-al-3-de-marzo\/","og_site_name":"Torrevieja Gastron\u00f3mica","article_published_time":"2024-01-31T13:29:40+00:00","article_modified_time":"2024-01-31T13:30:01+00:00","og_image":[{"width":719,"height":245,"url":"https:\/\/www.torreviejagastronomica.com\/wp-content\/uploads\/2024\/01\/Unknown.jpeg","type":"image\/jpeg"}],"author":"Asociaci\u00f3n de Empresas de Hosteler\u00eda de Torrevieja y Comarca","twitter_card":"summary_large_image","twitter_misc":{"Written by":"Asociaci\u00f3n de Empresas de Hosteler\u00eda de Torrevieja y Comarca","Estimated reading time":"2 minutes"},"schema":{"@context":"https:\/\/schema.org","@graph":[{"@type":"Article","@id":"https:\/\/www.torreviejagastronomica.com\/nueva-edicion-de-jornadas-de-los-platos-de-cuchara-del-14-de-feb-al-3-de-marzo\/#article","isPartOf":{"@id":"https:\/\/www.torreviejagastronomica.com\/nueva-edicion-de-jornadas-de-los-platos-de-cuchara-del-14-de-feb-al-3-de-marzo\/"},"author":{"name":"Asociaci\u00f3n de Empresas de Hosteler\u00eda de Torrevieja y Comarca","@id":"https:\/\/www.torreviejagastronomica.com\/#\/schema\/person\/9e0116f808f941d46f9baadf5335f0a9"},"headline":"Nueva edici\u00f3n de \u201cJornadas de los Platos de Cuchara\u201d del 14 de feb. al 3 de marzo.","datePublished":"2024-01-31T13:29:40+00:00","dateModified":"2024-01-31T13:30:01+00:00","mainEntityOfPage":{"@id":"https:\/\/www.torreviejagastronomica.com\/nueva-edicion-de-jornadas-de-los-platos-de-cuchara-del-14-de-feb-al-3-de-marzo\/"},"wordCount":292,"commentCount":0,"publisher":{"@id":"https:\/\/www.torreviejagastronomica.com\/#organization"},"image":{"@id":"https:\/\/www.torreviejagastronomica.com\/nueva-edicion-de-jornadas-de-los-platos-de-cuchara-del-14-de-feb-al-3-de-marzo\/#primaryimage"},"thumbnailUrl":"https:\/\/www.torreviejagastronomica.com\/wp-content\/uploads\/2024\/01\/Unknown.jpeg","articleSection":["Uncategorized"],"inLanguage":"en-GB","potentialAction":[{"@type":"CommentAction","name":"Comment","target":["https:\/\/www.torreviejagastronomica.com\/nueva-edicion-de-jornadas-de-los-platos-de-cuchara-del-14-de-feb-al-3-de-marzo\/#respond"]}]},{"@type":"WebPage","@id":"https:\/\/www.torreviejagastronomica.com\/nueva-edicion-de-jornadas-de-los-platos-de-cuchara-del-14-de-feb-al-3-de-marzo\/","url":"https:\/\/www.torreviejagastronomica.com\/nueva-edicion-de-jornadas-de-los-platos-de-cuchara-del-14-de-feb-al-3-de-marzo\/","name":"Nueva edici\u00f3n de \u201cJornadas de los Platos de Cuchara\u201d del 14 de feb. al 3 de marzo. - Torrevieja Gastron\u00f3mica","isPartOf":{"@id":"https:\/\/www.torreviejagastronomica.com\/#website"},"primaryImageOfPage":{"@id":"https:\/\/www.torreviejagastronomica.com\/nueva-edicion-de-jornadas-de-los-platos-de-cuchara-del-14-de-feb-al-3-de-marzo\/#primaryimage"},"image":{"@id":"https:\/\/www.torreviejagastronomica.com\/nueva-edicion-de-jornadas-de-los-platos-de-cuchara-del-14-de-feb-al-3-de-marzo\/#primaryimage"},"thumbnailUrl":"https:\/\/www.torreviejagastronomica.com\/wp-content\/uploads\/2024\/01\/Unknown.jpeg","datePublished":"2024-01-31T13:29:40+00:00","dateModified":"2024-01-31T13:30:01+00:00","breadcrumb":{"@id":"https:\/\/www.torreviejagastronomica.com\/nueva-edicion-de-jornadas-de-los-platos-de-cuchara-del-14-de-feb-al-3-de-marzo\/#breadcrumb"},"inLanguage":"en-GB","potentialAction":[{"@type":"ReadAction","target":["https:\/\/www.torreviejagastronomica.com\/nueva-edicion-de-jornadas-de-los-platos-de-cuchara-del-14-de-feb-al-3-de-marzo\/"]}]},{"@type":"ImageObject","inLanguage":"en-GB","@id":"https:\/\/www.torreviejagastronomica.com\/nueva-edicion-de-jornadas-de-los-platos-de-cuchara-del-14-de-feb-al-3-de-marzo\/#primaryimage","url":"https:\/\/www.torreviejagastronomica.com\/wp-content\/uploads\/2024\/01\/Unknown.jpeg","contentUrl":"https:\/\/www.torreviejagastronomica.com\/wp-content\/uploads\/2024\/01\/Unknown.jpeg","width":719,"height":245},{"@type":"BreadcrumbList","@id":"https:\/\/www.torreviejagastronomica.com\/nueva-edicion-de-jornadas-de-los-platos-de-cuchara-del-14-de-feb-al-3-de-marzo\/#breadcrumb","itemListElement":[{"@type":"ListItem","position":1,"name":"Portada","item":"https:\/\/www.torreviejagastronomica.com\/"},{"@type":"ListItem","position":2,"name":"Nueva edici\u00f3n de \u201cJornadas de los Platos de Cuchara\u201d del 14 de feb. al 3 de marzo."}]},{"@type":"WebSite","@id":"https:\/\/www.torreviejagastronomica.com\/#website","url":"https:\/\/www.torreviejagastronomica.com\/","name":"Torrevieja Gastron\u00f3mica","description":"Asociaci\u00f3n Hosteler\u00eda Torrevieja y Comarca","publisher":{"@id":"https:\/\/www.torreviejagastronomica.com\/#organization"},"potentialAction":[{"@type":"SearchAction","target":{"@type":"EntryPoint","urlTemplate":"https:\/\/www.torreviejagastronomica.com\/?s={search_term_string}"},"query-input":{"@type":"PropertyValueSpecification","valueRequired":true,"valueName":"search_term_string"}}],"inLanguage":"en-GB"},{"@type":"Organization","@id":"https:\/\/www.torreviejagastronomica.com\/#organization","name":"Torrevieja Gastron\u00f3mica","url":"https:\/\/www.torreviejagastronomica.com\/","logo":{"@type":"ImageObject","inLanguage":"en-GB","@id":"https:\/\/www.torreviejagastronomica.com\/#\/schema\/logo\/image\/","url":"https:\/\/www.torreviejagastronomica.com\/wp-content\/uploads\/2023\/09\/Logo-Torrevieja-Gastronomica.png","contentUrl":"https:\/\/www.torreviejagastronomica.com\/wp-content\/uploads\/2023\/09\/Logo-Torrevieja-Gastronomica.png","width":350,"height":100,"caption":"Torrevieja Gastron\u00f3mica"},"image":{"@id":"https:\/\/www.torreviejagastronomica.com\/#\/schema\/logo\/image\/"}},{"@type":"Person","@id":"https:\/\/www.torreviejagastronomica.com\/#\/schema\/person\/9e0116f808f941d46f9baadf5335f0a9","name":"Asociaci\u00f3n de Empresas de Hosteler\u00eda de Torrevieja y Comarca","image":{"@type":"ImageObject","inLanguage":"en-GB","@id":"https:\/\/www.torreviejagastronomica.com\/#\/schema\/person\/image\/","url":"https:\/\/secure.gravatar.com\/avatar\/32ba6ba6e685fc061412a65c4a8a8b6caaf6d90d0985a737a4015d36e84d2d1f?s=96&d=mm&r=g","contentUrl":"https:\/\/secure.gravatar.com\/avatar\/32ba6ba6e685fc061412a65c4a8a8b6caaf6d90d0985a737a4015d36e84d2d1f?s=96&d=mm&r=g","caption":"Asociaci\u00f3n de Empresas de Hosteler\u00eda de Torrevieja y Comarca"},"url":"https:\/\/www.torreviejagastronomica.com\/en\/author\/hosteleria\/"}]}},"_links":{"self":[{"href":"https:\/\/www.torreviejagastronomica.com\/en\/wp-json\/wp\/v2\/posts\/4570","targetHints":{"allow":["GET"]}}],"collection":[{"href":"https:\/\/www.torreviejagastronomica.com\/en\/wp-json\/wp\/v2\/posts"}],"about":[{"href":"https:\/\/www.torreviejagastronomica.com\/en\/wp-json\/wp\/v2\/types\/post"}],"author":[{"embeddable":true,"href":"https:\/\/www.torreviejagastronomica.com\/en\/wp-json\/wp\/v2\/users\/4"}],"replies":[{"embeddable":true,"href":"https:\/\/www.torreviejagastronomica.com\/en\/wp-json\/wp\/v2\/comments?post=4570"}],"version-history":[{"count":2,"href":"https:\/\/www.torreviejagastronomica.com\/en\/wp-json\/wp\/v2\/posts\/4570\/revisions"}],"predecessor-version":[{"id":4573,"href":"https:\/\/www.torreviejagastronomica.com\/en\/wp-json\/wp\/v2\/posts\/4570\/revisions\/4573"}],"wp:featuredmedia":[{"embeddable":true,"href":"https:\/\/www.torreviejagastronomica.com\/en\/wp-json\/wp\/v2\/media\/4571"}],"wp:attachment":[{"href":"https:\/\/www.torreviejagastronomica.com\/en\/wp-json\/wp\/v2\/media?parent=4570"}],"wp:term":[{"taxonomy":"category","embeddable":true,"href":"https:\/\/www.torreviejagastronomica.com\/en\/wp-json\/wp\/v2\/categories?post=4570"},{"taxonomy":"post_tag","embeddable":true,"href":"https:\/\/www.torreviejagastronomica.com\/en\/wp-json\/wp\/v2\/tags?post=4570"}],"curies":[{"name":"wp","href":"https:\/\/api.w.org\/{rel}","templated":true}]}}