{"id":4470,"date":"2024-01-12T11:59:57","date_gmt":"2024-01-12T10:59:57","guid":{"rendered":"https:\/\/www.torreviejagastronomica.com\/?p=4470"},"modified":"2024-01-12T11:59:58","modified_gmt":"2024-01-12T10:59:58","slug":"cdt-de-torrevieja-anuncia-nuevos-cursos","status":"publish","type":"post","link":"https:\/\/www.torreviejagastronomica.com\/en\/cdt-de-torrevieja-anuncia-nuevos-cursos\/","title":{"rendered":"CDT Torrevieja, announces new courses."},"content":{"rendered":"<p><\/p>\n\n\n\n<p><\/p>\n\n\n\n<p><a href=\"https:\/\/www.facebook.com\/elrinconlamata\/\" target=\"_blank\" rel=\"noreferrer noopener\"><\/a><\/p>\n\n\n\n<p><a href=\"https:\/\/www.facebook.com\/bar.kapachy\" target=\"_blank\" rel=\"noreferrer noopener\"><\/a><strong>The Tourism Centre (CdT) in Torrevieja<\/strong>\u00a0announces the launch of new free professional courses and certificates starting in February. These courses include training in food hygiene, winter cooking, typical Easter sweets, basic restaurant operations, and improving the customer experience in tourist establishments.<strong>\u00a0The CdT is part of the Network of Tourism Centres of the Valencian Community.\u00a0<\/strong>and aims to provide comprehensive training for current and future professionals in the tourism sector, which is crucial for the Spanish economy.<\/p>\n\n\n\n<p>The offer of the&nbsp;<strong>CoT Network&nbsp;<\/strong>includes Continuing Education for working professionals, with practical refresher courses that are compatible with working hours, and Occupational Training for unemployed people who wish to work in the tourism sector. These more extensive courses include theoretical teaching and real-life practical work experience. The courses are taught by experts in the sector, and at the end of some of them, students will receive an official certificate of professionalism valid throughout Spain.<\/p>\n\n\n\n<p>In addition, the<strong>&nbsp;Torrevieja CdT<\/strong>&nbsp;highlights the offer of&nbsp;<strong>Online Training,&nbsp;<\/strong>which allows access to training in a flexible way and without the need to travel. These online courses offer individualised training with a teacher to answer queries, as well as online communication channels with other students.<\/p>\n\n\n\n<p><strong>The Torrevieja CdT, inaugurated in 2005,<\/strong>&nbsp;focuses on specialised training in tourism and gastronomy. It offers practical training in modern facilities to quickly develop the skills needed to enter the job market. The centre has an Advisory Board made up of professionals from the tourism sector to tailor training to the needs of the industry.<\/p>","protected":false},"excerpt":{"rendered":"<p>The CdT of Torrevieja, inaugurated in 2005, focuses on specialised training in tourism and gastronomy. <\/p>","protected":false},"author":4,"featured_media":4471,"comment_status":"open","ping_status":"open","sticky":false,"template":"","format":"standard","meta":{"footnotes":""},"categories":[1],"tags":[],"class_list":["post-4470","post","type-post","status-publish","format-standard","has-post-thumbnail","hentry","category-uncategorized"],"yoast_head":"<!-- This site is optimized with the Yoast SEO plugin v25.7 - https:\/\/yoast.com\/wordpress\/plugins\/seo\/ -->\n<title>CDT de Torrevieja, anuncia nuevos cursos. - Torrevieja Gastron\u00f3mica<\/title>\n<meta name=\"robots\" content=\"index, follow, max-snippet:-1, max-image-preview:large, max-video-preview:-1\" \/>\n<link rel=\"canonical\" href=\"https:\/\/www.torreviejagastronomica.com\/en\/cdt-de-torrevieja-anuncia-nuevos-cursos\/\" \/>\n<meta property=\"og:locale\" content=\"en_GB\" \/>\n<meta property=\"og:type\" content=\"article\" \/>\n<meta property=\"og:title\" content=\"CDT de Torrevieja, anuncia nuevos cursos. - Torrevieja Gastron\u00f3mica\" \/>\n<meta property=\"og:description\" content=\"El CdT de Torrevieja, inaugurado en 2005,\u00a0se enfoca en la formaci\u00f3n especializada en turismo y gastronom\u00eda.\" \/>\n<meta property=\"og:url\" content=\"https:\/\/www.torreviejagastronomica.com\/en\/cdt-de-torrevieja-anuncia-nuevos-cursos\/\" \/>\n<meta property=\"og:site_name\" content=\"Torrevieja Gastron\u00f3mica\" \/>\n<meta property=\"article:published_time\" content=\"2024-01-12T10:59:57+00:00\" \/>\n<meta property=\"article:modified_time\" content=\"2024-01-12T10:59:58+00:00\" \/>\n<meta property=\"og:image\" content=\"https:\/\/www.torreviejagastronomica.com\/wp-content\/uploads\/2024\/01\/104.jpg.webp\" \/>\n\t<meta property=\"og:image:width\" content=\"1200\" \/>\n\t<meta property=\"og:image:height\" content=\"1200\" \/>\n\t<meta property=\"og:image:type\" content=\"image\/webp\" \/>\n<meta name=\"author\" content=\"Asociaci\u00f3n de Empresas de Hosteler\u00eda de Torrevieja y Comarca\" \/>\n<meta name=\"twitter:card\" content=\"summary_large_image\" \/>\n<meta name=\"twitter:label1\" content=\"Written by\" \/>\n\t<meta name=\"twitter:data1\" content=\"Asociaci\u00f3n de Empresas de Hosteler\u00eda de Torrevieja y Comarca\" \/>\n\t<meta name=\"twitter:label2\" content=\"Estimated reading time\" \/>\n\t<meta name=\"twitter:data2\" content=\"2 minutes\" \/>\n<script type=\"application\/ld+json\" class=\"yoast-schema-graph\">{\"@context\":\"https:\/\/schema.org\",\"@graph\":[{\"@type\":\"Article\",\"@id\":\"https:\/\/www.torreviejagastronomica.com\/cdt-de-torrevieja-anuncia-nuevos-cursos\/#article\",\"isPartOf\":{\"@id\":\"https:\/\/www.torreviejagastronomica.com\/cdt-de-torrevieja-anuncia-nuevos-cursos\/\"},\"author\":{\"name\":\"Asociaci\u00f3n de Empresas de Hosteler\u00eda de Torrevieja y Comarca\",\"@id\":\"https:\/\/www.torreviejagastronomica.com\/#\/schema\/person\/9e0116f808f941d46f9baadf5335f0a9\"},\"headline\":\"CDT de Torrevieja, anuncia nuevos cursos.\",\"datePublished\":\"2024-01-12T10:59:57+00:00\",\"dateModified\":\"2024-01-12T10:59:58+00:00\",\"mainEntityOfPage\":{\"@id\":\"https:\/\/www.torreviejagastronomica.com\/cdt-de-torrevieja-anuncia-nuevos-cursos\/\"},\"wordCount\":314,\"commentCount\":0,\"publisher\":{\"@id\":\"https:\/\/www.torreviejagastronomica.com\/#organization\"},\"image\":{\"@id\":\"https:\/\/www.torreviejagastronomica.com\/cdt-de-torrevieja-anuncia-nuevos-cursos\/#primaryimage\"},\"thumbnailUrl\":\"https:\/\/www.torreviejagastronomica.com\/wp-content\/uploads\/2024\/01\/104.jpg.webp\",\"articleSection\":[\"Uncategorized\"],\"inLanguage\":\"en-GB\",\"potentialAction\":[{\"@type\":\"CommentAction\",\"name\":\"Comment\",\"target\":[\"https:\/\/www.torreviejagastronomica.com\/cdt-de-torrevieja-anuncia-nuevos-cursos\/#respond\"]}]},{\"@type\":\"WebPage\",\"@id\":\"https:\/\/www.torreviejagastronomica.com\/cdt-de-torrevieja-anuncia-nuevos-cursos\/\",\"url\":\"https:\/\/www.torreviejagastronomica.com\/cdt-de-torrevieja-anuncia-nuevos-cursos\/\",\"name\":\"CDT de Torrevieja, anuncia nuevos cursos. - Torrevieja Gastron\u00f3mica\",\"isPartOf\":{\"@id\":\"https:\/\/www.torreviejagastronomica.com\/#website\"},\"primaryImageOfPage\":{\"@id\":\"https:\/\/www.torreviejagastronomica.com\/cdt-de-torrevieja-anuncia-nuevos-cursos\/#primaryimage\"},\"image\":{\"@id\":\"https:\/\/www.torreviejagastronomica.com\/cdt-de-torrevieja-anuncia-nuevos-cursos\/#primaryimage\"},\"thumbnailUrl\":\"https:\/\/www.torreviejagastronomica.com\/wp-content\/uploads\/2024\/01\/104.jpg.webp\",\"datePublished\":\"2024-01-12T10:59:57+00:00\",\"dateModified\":\"2024-01-12T10:59:58+00:00\",\"breadcrumb\":{\"@id\":\"https:\/\/www.torreviejagastronomica.com\/cdt-de-torrevieja-anuncia-nuevos-cursos\/#breadcrumb\"},\"inLanguage\":\"en-GB\",\"potentialAction\":[{\"@type\":\"ReadAction\",\"target\":[\"https:\/\/www.torreviejagastronomica.com\/cdt-de-torrevieja-anuncia-nuevos-cursos\/\"]}]},{\"@type\":\"ImageObject\",\"inLanguage\":\"en-GB\",\"@id\":\"https:\/\/www.torreviejagastronomica.com\/cdt-de-torrevieja-anuncia-nuevos-cursos\/#primaryimage\",\"url\":\"https:\/\/www.torreviejagastronomica.com\/wp-content\/uploads\/2024\/01\/104.jpg.webp\",\"contentUrl\":\"https:\/\/www.torreviejagastronomica.com\/wp-content\/uploads\/2024\/01\/104.jpg.webp\",\"width\":1200,\"height\":1200},{\"@type\":\"BreadcrumbList\",\"@id\":\"https:\/\/www.torreviejagastronomica.com\/cdt-de-torrevieja-anuncia-nuevos-cursos\/#breadcrumb\",\"itemListElement\":[{\"@type\":\"ListItem\",\"position\":1,\"name\":\"Portada\",\"item\":\"https:\/\/www.torreviejagastronomica.com\/\"},{\"@type\":\"ListItem\",\"position\":2,\"name\":\"CDT de Torrevieja, anuncia nuevos cursos.\"}]},{\"@type\":\"WebSite\",\"@id\":\"https:\/\/www.torreviejagastronomica.com\/#website\",\"url\":\"https:\/\/www.torreviejagastronomica.com\/\",\"name\":\"Torrevieja Gastron\u00f3mica\",\"description\":\"Asociaci\u00f3n Hosteler\u00eda Torrevieja y Comarca\",\"publisher\":{\"@id\":\"https:\/\/www.torreviejagastronomica.com\/#organization\"},\"potentialAction\":[{\"@type\":\"SearchAction\",\"target\":{\"@type\":\"EntryPoint\",\"urlTemplate\":\"https:\/\/www.torreviejagastronomica.com\/?s={search_term_string}\"},\"query-input\":{\"@type\":\"PropertyValueSpecification\",\"valueRequired\":true,\"valueName\":\"search_term_string\"}}],\"inLanguage\":\"en-GB\"},{\"@type\":\"Organization\",\"@id\":\"https:\/\/www.torreviejagastronomica.com\/#organization\",\"name\":\"Torrevieja Gastron\u00f3mica\",\"url\":\"https:\/\/www.torreviejagastronomica.com\/\",\"logo\":{\"@type\":\"ImageObject\",\"inLanguage\":\"en-GB\",\"@id\":\"https:\/\/www.torreviejagastronomica.com\/#\/schema\/logo\/image\/\",\"url\":\"https:\/\/www.torreviejagastronomica.com\/wp-content\/uploads\/2023\/09\/Logo-Torrevieja-Gastronomica.png\",\"contentUrl\":\"https:\/\/www.torreviejagastronomica.com\/wp-content\/uploads\/2023\/09\/Logo-Torrevieja-Gastronomica.png\",\"width\":350,\"height\":100,\"caption\":\"Torrevieja Gastron\u00f3mica\"},\"image\":{\"@id\":\"https:\/\/www.torreviejagastronomica.com\/#\/schema\/logo\/image\/\"}},{\"@type\":\"Person\",\"@id\":\"https:\/\/www.torreviejagastronomica.com\/#\/schema\/person\/9e0116f808f941d46f9baadf5335f0a9\",\"name\":\"Asociaci\u00f3n de Empresas de Hosteler\u00eda de Torrevieja y Comarca\",\"image\":{\"@type\":\"ImageObject\",\"inLanguage\":\"en-GB\",\"@id\":\"https:\/\/www.torreviejagastronomica.com\/#\/schema\/person\/image\/\",\"url\":\"https:\/\/secure.gravatar.com\/avatar\/32ba6ba6e685fc061412a65c4a8a8b6caaf6d90d0985a737a4015d36e84d2d1f?s=96&d=mm&r=g\",\"contentUrl\":\"https:\/\/secure.gravatar.com\/avatar\/32ba6ba6e685fc061412a65c4a8a8b6caaf6d90d0985a737a4015d36e84d2d1f?s=96&d=mm&r=g\",\"caption\":\"Asociaci\u00f3n de Empresas de Hosteler\u00eda de Torrevieja y Comarca\"},\"url\":\"https:\/\/www.torreviejagastronomica.com\/en\/author\/hosteleria\/\"}]}<\/script>\n<!-- \/ Yoast SEO plugin. -->","yoast_head_json":{"title":"CDT de Torrevieja, anuncia nuevos cursos. - Torrevieja Gastron\u00f3mica","robots":{"index":"index","follow":"follow","max-snippet":"max-snippet:-1","max-image-preview":"max-image-preview:large","max-video-preview":"max-video-preview:-1"},"canonical":"https:\/\/www.torreviejagastronomica.com\/en\/cdt-de-torrevieja-anuncia-nuevos-cursos\/","og_locale":"en_GB","og_type":"article","og_title":"CDT de Torrevieja, anuncia nuevos cursos. - Torrevieja Gastron\u00f3mica","og_description":"El CdT de Torrevieja, inaugurado en 2005,\u00a0se enfoca en la formaci\u00f3n especializada en turismo y gastronom\u00eda.","og_url":"https:\/\/www.torreviejagastronomica.com\/en\/cdt-de-torrevieja-anuncia-nuevos-cursos\/","og_site_name":"Torrevieja Gastron\u00f3mica","article_published_time":"2024-01-12T10:59:57+00:00","article_modified_time":"2024-01-12T10:59:58+00:00","og_image":[{"width":1200,"height":1200,"url":"https:\/\/www.torreviejagastronomica.com\/wp-content\/uploads\/2024\/01\/104.jpg.webp","type":"image\/webp"}],"author":"Asociaci\u00f3n de Empresas de Hosteler\u00eda de Torrevieja y Comarca","twitter_card":"summary_large_image","twitter_misc":{"Written by":"Asociaci\u00f3n de Empresas de Hosteler\u00eda de Torrevieja y Comarca","Estimated reading time":"2 minutes"},"schema":{"@context":"https:\/\/schema.org","@graph":[{"@type":"Article","@id":"https:\/\/www.torreviejagastronomica.com\/cdt-de-torrevieja-anuncia-nuevos-cursos\/#article","isPartOf":{"@id":"https:\/\/www.torreviejagastronomica.com\/cdt-de-torrevieja-anuncia-nuevos-cursos\/"},"author":{"name":"Asociaci\u00f3n de Empresas de Hosteler\u00eda de Torrevieja y Comarca","@id":"https:\/\/www.torreviejagastronomica.com\/#\/schema\/person\/9e0116f808f941d46f9baadf5335f0a9"},"headline":"CDT de Torrevieja, anuncia nuevos cursos.","datePublished":"2024-01-12T10:59:57+00:00","dateModified":"2024-01-12T10:59:58+00:00","mainEntityOfPage":{"@id":"https:\/\/www.torreviejagastronomica.com\/cdt-de-torrevieja-anuncia-nuevos-cursos\/"},"wordCount":314,"commentCount":0,"publisher":{"@id":"https:\/\/www.torreviejagastronomica.com\/#organization"},"image":{"@id":"https:\/\/www.torreviejagastronomica.com\/cdt-de-torrevieja-anuncia-nuevos-cursos\/#primaryimage"},"thumbnailUrl":"https:\/\/www.torreviejagastronomica.com\/wp-content\/uploads\/2024\/01\/104.jpg.webp","articleSection":["Uncategorized"],"inLanguage":"en-GB","potentialAction":[{"@type":"CommentAction","name":"Comment","target":["https:\/\/www.torreviejagastronomica.com\/cdt-de-torrevieja-anuncia-nuevos-cursos\/#respond"]}]},{"@type":"WebPage","@id":"https:\/\/www.torreviejagastronomica.com\/cdt-de-torrevieja-anuncia-nuevos-cursos\/","url":"https:\/\/www.torreviejagastronomica.com\/cdt-de-torrevieja-anuncia-nuevos-cursos\/","name":"CDT de Torrevieja, anuncia nuevos cursos. - Torrevieja Gastron\u00f3mica","isPartOf":{"@id":"https:\/\/www.torreviejagastronomica.com\/#website"},"primaryImageOfPage":{"@id":"https:\/\/www.torreviejagastronomica.com\/cdt-de-torrevieja-anuncia-nuevos-cursos\/#primaryimage"},"image":{"@id":"https:\/\/www.torreviejagastronomica.com\/cdt-de-torrevieja-anuncia-nuevos-cursos\/#primaryimage"},"thumbnailUrl":"https:\/\/www.torreviejagastronomica.com\/wp-content\/uploads\/2024\/01\/104.jpg.webp","datePublished":"2024-01-12T10:59:57+00:00","dateModified":"2024-01-12T10:59:58+00:00","breadcrumb":{"@id":"https:\/\/www.torreviejagastronomica.com\/cdt-de-torrevieja-anuncia-nuevos-cursos\/#breadcrumb"},"inLanguage":"en-GB","potentialAction":[{"@type":"ReadAction","target":["https:\/\/www.torreviejagastronomica.com\/cdt-de-torrevieja-anuncia-nuevos-cursos\/"]}]},{"@type":"ImageObject","inLanguage":"en-GB","@id":"https:\/\/www.torreviejagastronomica.com\/cdt-de-torrevieja-anuncia-nuevos-cursos\/#primaryimage","url":"https:\/\/www.torreviejagastronomica.com\/wp-content\/uploads\/2024\/01\/104.jpg.webp","contentUrl":"https:\/\/www.torreviejagastronomica.com\/wp-content\/uploads\/2024\/01\/104.jpg.webp","width":1200,"height":1200},{"@type":"BreadcrumbList","@id":"https:\/\/www.torreviejagastronomica.com\/cdt-de-torrevieja-anuncia-nuevos-cursos\/#breadcrumb","itemListElement":[{"@type":"ListItem","position":1,"name":"Portada","item":"https:\/\/www.torreviejagastronomica.com\/"},{"@type":"ListItem","position":2,"name":"CDT de Torrevieja, anuncia nuevos cursos."}]},{"@type":"WebSite","@id":"https:\/\/www.torreviejagastronomica.com\/#website","url":"https:\/\/www.torreviejagastronomica.com\/","name":"Torrevieja Gastron\u00f3mica","description":"Asociaci\u00f3n Hosteler\u00eda Torrevieja y Comarca","publisher":{"@id":"https:\/\/www.torreviejagastronomica.com\/#organization"},"potentialAction":[{"@type":"SearchAction","target":{"@type":"EntryPoint","urlTemplate":"https:\/\/www.torreviejagastronomica.com\/?s={search_term_string}"},"query-input":{"@type":"PropertyValueSpecification","valueRequired":true,"valueName":"search_term_string"}}],"inLanguage":"en-GB"},{"@type":"Organization","@id":"https:\/\/www.torreviejagastronomica.com\/#organization","name":"Torrevieja Gastron\u00f3mica","url":"https:\/\/www.torreviejagastronomica.com\/","logo":{"@type":"ImageObject","inLanguage":"en-GB","@id":"https:\/\/www.torreviejagastronomica.com\/#\/schema\/logo\/image\/","url":"https:\/\/www.torreviejagastronomica.com\/wp-content\/uploads\/2023\/09\/Logo-Torrevieja-Gastronomica.png","contentUrl":"https:\/\/www.torreviejagastronomica.com\/wp-content\/uploads\/2023\/09\/Logo-Torrevieja-Gastronomica.png","width":350,"height":100,"caption":"Torrevieja Gastron\u00f3mica"},"image":{"@id":"https:\/\/www.torreviejagastronomica.com\/#\/schema\/logo\/image\/"}},{"@type":"Person","@id":"https:\/\/www.torreviejagastronomica.com\/#\/schema\/person\/9e0116f808f941d46f9baadf5335f0a9","name":"Asociaci\u00f3n de Empresas de Hosteler\u00eda de Torrevieja y Comarca","image":{"@type":"ImageObject","inLanguage":"en-GB","@id":"https:\/\/www.torreviejagastronomica.com\/#\/schema\/person\/image\/","url":"https:\/\/secure.gravatar.com\/avatar\/32ba6ba6e685fc061412a65c4a8a8b6caaf6d90d0985a737a4015d36e84d2d1f?s=96&d=mm&r=g","contentUrl":"https:\/\/secure.gravatar.com\/avatar\/32ba6ba6e685fc061412a65c4a8a8b6caaf6d90d0985a737a4015d36e84d2d1f?s=96&d=mm&r=g","caption":"Asociaci\u00f3n de Empresas de Hosteler\u00eda de Torrevieja y Comarca"},"url":"https:\/\/www.torreviejagastronomica.com\/en\/author\/hosteleria\/"}]}},"_links":{"self":[{"href":"https:\/\/www.torreviejagastronomica.com\/en\/wp-json\/wp\/v2\/posts\/4470","targetHints":{"allow":["GET"]}}],"collection":[{"href":"https:\/\/www.torreviejagastronomica.com\/en\/wp-json\/wp\/v2\/posts"}],"about":[{"href":"https:\/\/www.torreviejagastronomica.com\/en\/wp-json\/wp\/v2\/types\/post"}],"author":[{"embeddable":true,"href":"https:\/\/www.torreviejagastronomica.com\/en\/wp-json\/wp\/v2\/users\/4"}],"replies":[{"embeddable":true,"href":"https:\/\/www.torreviejagastronomica.com\/en\/wp-json\/wp\/v2\/comments?post=4470"}],"version-history":[{"count":1,"href":"https:\/\/www.torreviejagastronomica.com\/en\/wp-json\/wp\/v2\/posts\/4470\/revisions"}],"predecessor-version":[{"id":4472,"href":"https:\/\/www.torreviejagastronomica.com\/en\/wp-json\/wp\/v2\/posts\/4470\/revisions\/4472"}],"wp:featuredmedia":[{"embeddable":true,"href":"https:\/\/www.torreviejagastronomica.com\/en\/wp-json\/wp\/v2\/media\/4471"}],"wp:attachment":[{"href":"https:\/\/www.torreviejagastronomica.com\/en\/wp-json\/wp\/v2\/media?parent=4470"}],"wp:term":[{"taxonomy":"category","embeddable":true,"href":"https:\/\/www.torreviejagastronomica.com\/en\/wp-json\/wp\/v2\/categories?post=4470"},{"taxonomy":"post_tag","embeddable":true,"href":"https:\/\/www.torreviejagastronomica.com\/en\/wp-json\/wp\/v2\/tags?post=4470"}],"curies":[{"name":"wp","href":"https:\/\/api.w.org\/{rel}","templated":true}]}}