{"id":4459,"date":"2023-11-06T09:59:59","date_gmt":"2023-11-06T08:59:59","guid":{"rendered":"https:\/\/www.torreviejagastronomica.com\/?p=4459"},"modified":"2023-11-07T10:14:03","modified_gmt":"2023-11-07T09:14:03","slug":"10a-edicion-nos-vamos-de-tapas-2023","status":"publish","type":"post","link":"https:\/\/www.torreviejagastronomica.com\/en\/10a-edicion-nos-vamos-de-tapas-2023\/","title":{"rendered":"10th Edition NOS VAMOS DE TAPAS 2023"},"content":{"rendered":"<h2 class=\"wp-block-heading\">Let's go for tapas in Torrevieja!!!<\/h2>\n\n\n\n<p><em><strong>From the 9th to the 12th and from the 16th to the 19th of November the 10th edition of NOS VAMOS DE TAPAS will be held.<\/strong><\/em><\/p>\n\n\n\n<h1 class=\"wp-block-heading\"><strong>Tapa + Drink = 3,5\u20ac.<\/strong><\/h1>\n\n\n\n<p>Once again the streets of Torrevieja will be full of people going out for tapas, 15 establishments will offer a total of 60 tapas, 30 of them traditional from Torrevieja and another 30 innovative ones created especially for the occasion.<\/p>\n\n\n\n<p>You will of course discover new local bars and restaurants and if you are a little bit lucky, you can win one of the many prizes, <strong>you can win the mobile phone raffled by the Torrevieja Hotel and Catering Association.<\/strong>&nbsp;courtesy of Torrevieja.com<\/p>\n\n\n\n<p>The restaurants participating in this edition are the following:<\/p>\n\n\n\n<p>1) BAR LA ZONA<\/p>\n\n\n\n<p>2) BIANCO SEA EMOTION<\/p>\n\n\n\n<p>3. PEPES RICE SHOP<\/p>\n\n\n\n<p>4) LA CANTINA FOOD &amp; DRINKS<\/p>\n\n\n\n<p>5) LUZ DE MAR RESTAURANT<\/p>\n\n\n\n<p>6. TAPER\u00cdA EL TEATRO<\/p>\n\n\n\n<p>7) JAX TORREVIEJA<\/p>\n\n\n\n<p>8. MULLINS GASTRO IRISH PUB<\/p>\n\n\n\n<p>9) THE STREET<\/p>\n\n\n\n<p>10. MAT'S BURGER<\/p>\n\n\n\n<p>11. CASA LUCHY RESTAURANT<\/p>\n\n\n\n<p>12) HB TORREVIEJA<\/p>\n\n\n\n<p>13. RESTAURANT EL RINC\u00d3N<\/p>\n\n\n\n<p>14) EL CHIRINGUITO LA MAR DE BIEN<\/p>\n\n\n\n<p>15) LA MAR DE BIEN<\/p>\n\n\n\n<p>The public attending this event will be able to participate in the raffle of different gifts organised by THE ASSOCIATION OF HOSPITALITY BUSINESSES OF TORREVIEJA AND THE REGION, the prizes of this edition are:<\/p>\n\n\n\n<p>PRIZE A\/ A tasting menu dinner for \u20ac50.00 for two people offered by the Asociaci\u00f3n de Empresas de Hosteler\u00eda de Torrevieja y Comarca. PlanB experience box!<\/p>\n\n\n\n<p>PRIZE B\/ A tasting menu dinner for \u20ac50.00 for two people offered by the Association of Hotel and Catering Businesses of Torrevieja and Region. PlanB experience box!<\/p>\n\n\n\n<p>PRIZE C\/ A tasting menu dinner for \u20ac50.00 for two people offered by the Association of Hotel and Catering Businesses of Torrevieja and Region. Wine pack<\/p>\n\n\n\n<p>PRIZE D\/ A tasting menu dinner for \u20ac50.00 for two people offered by the Association of Hotel and Catering Businesses of Torrevieja and Region.<\/p>\n\n\n\n<p>You can download all the information from the following links, which will soon also be available at www.torreviejagastronomica.com and www.aehtc.net.<\/p>\n\n\n\n<p>Enjoy your meal!<\/p>\n\n\n\n<p><strong><a href=\"https:\/\/drive.google.com\/file\/d\/122TROyjg5VBNjxBdrRjP6MThVVeNbtbq\/view?usp=sharing\">DOWNLOAD THE PROGRAMME<\/a><\/strong><\/p>","protected":false},"excerpt":{"rendered":"<p>Let's go for tapas in Torrevieja!!! From the 9th to the 12th and from the 16th to the 19th of November the 10th edition of NOS VAMOS DE TAPAS Tapa + Drink = 3,5\u20ac Once again the streets of Torrevieja will be full of people going out for tapas, 15 establishments will offer a total of 60 tapas, 30 of which will [...]<\/p>","protected":false},"author":4,"featured_media":4460,"comment_status":"open","ping_status":"open","sticky":true,"template":"","format":"standard","meta":{"footnotes":""},"categories":[8,7],"tags":[23,26],"class_list":["post-4459","post","type-post","status-publish","format-standard","has-post-thumbnail","hentry","category-eventos","category-noticias","tag-asociacion-hosteleria","tag-torrevieja"],"yoast_head":"<!-- This site is optimized with the Yoast SEO plugin v25.7 - https:\/\/yoast.com\/wordpress\/plugins\/seo\/ -->\n<title>10\u00aa Edici\u00f3n NOS VAMOS DE TAPAS 2023 - Torrevieja Gastron\u00f3mica<\/title>\n<meta name=\"robots\" content=\"index, follow, max-snippet:-1, max-image-preview:large, max-video-preview:-1\" \/>\n<link rel=\"canonical\" href=\"https:\/\/www.torreviejagastronomica.com\/en\/10a-edicion-nos-vamos-de-tapas-2023\/\" \/>\n<meta property=\"og:locale\" content=\"en_GB\" \/>\n<meta property=\"og:type\" content=\"article\" \/>\n<meta property=\"og:title\" content=\"10\u00aa Edici\u00f3n NOS VAMOS DE TAPAS 2023 - Torrevieja Gastron\u00f3mica\" \/>\n<meta property=\"og:description\" content=\"\u00a1\u00a1Nos vamos de tapas en Torrevieja!! Del 9 al 12 y del 16 al 19 de Noviembre se celebra la 10\u00aa Edici\u00f3n de NOS VAMOS DE TAPAS Tapa + Bebida = 3,5\u20ac Nuevamente las calles de Torrevieja se llenaran de gente que sale a tapear, 15 establecimientos ofreceran un total de 60 tapas, 30 de [&hellip;]\" \/>\n<meta property=\"og:url\" content=\"https:\/\/www.torreviejagastronomica.com\/en\/10a-edicion-nos-vamos-de-tapas-2023\/\" \/>\n<meta property=\"og:site_name\" content=\"Torrevieja Gastron\u00f3mica\" \/>\n<meta property=\"article:published_time\" content=\"2023-11-06T08:59:59+00:00\" \/>\n<meta property=\"article:modified_time\" content=\"2023-11-07T09:14:03+00:00\" \/>\n<meta property=\"og:image\" content=\"https:\/\/www.torreviejagastronomica.com\/wp-content\/uploads\/2023\/11\/CARTEL-NOS-VAMOS-DE-TAPAS-2023.jpg\" \/>\n\t<meta property=\"og:image:width\" content=\"656\" \/>\n\t<meta property=\"og:image:height\" content=\"933\" \/>\n\t<meta property=\"og:image:type\" content=\"image\/jpeg\" \/>\n<meta name=\"author\" content=\"Asociaci\u00f3n de Empresas de Hosteler\u00eda de Torrevieja y Comarca\" \/>\n<meta name=\"twitter:card\" content=\"summary_large_image\" \/>\n<meta name=\"twitter:label1\" content=\"Written by\" \/>\n\t<meta name=\"twitter:data1\" content=\"Asociaci\u00f3n de Empresas de Hosteler\u00eda de Torrevieja y Comarca\" \/>\n\t<meta name=\"twitter:label2\" content=\"Estimated reading time\" \/>\n\t<meta name=\"twitter:data2\" content=\"2 minutes\" \/>\n<script type=\"application\/ld+json\" class=\"yoast-schema-graph\">{\"@context\":\"https:\/\/schema.org\",\"@graph\":[{\"@type\":\"Article\",\"@id\":\"https:\/\/www.torreviejagastronomica.com\/10a-edicion-nos-vamos-de-tapas-2023\/#article\",\"isPartOf\":{\"@id\":\"https:\/\/www.torreviejagastronomica.com\/10a-edicion-nos-vamos-de-tapas-2023\/\"},\"author\":{\"name\":\"Asociaci\u00f3n de Empresas de Hosteler\u00eda de Torrevieja y Comarca\",\"@id\":\"https:\/\/www.torreviejagastronomica.com\/#\/schema\/person\/9e0116f808f941d46f9baadf5335f0a9\"},\"headline\":\"10\u00aa Edici\u00f3n NOS VAMOS DE TAPAS 2023\",\"datePublished\":\"2023-11-06T08:59:59+00:00\",\"dateModified\":\"2023-11-07T09:14:03+00:00\",\"mainEntityOfPage\":{\"@id\":\"https:\/\/www.torreviejagastronomica.com\/10a-edicion-nos-vamos-de-tapas-2023\/\"},\"wordCount\":367,\"commentCount\":0,\"publisher\":{\"@id\":\"https:\/\/www.torreviejagastronomica.com\/#organization\"},\"image\":{\"@id\":\"https:\/\/www.torreviejagastronomica.com\/10a-edicion-nos-vamos-de-tapas-2023\/#primaryimage\"},\"thumbnailUrl\":\"https:\/\/www.torreviejagastronomica.com\/wp-content\/uploads\/2023\/11\/CARTEL-NOS-VAMOS-DE-TAPAS-2023.jpg\",\"keywords\":[\"asociaci\u00f3n hosteler\u00eda\",\"torrevieja\"],\"articleSection\":[\"Eventos\",\"Noticias\"],\"inLanguage\":\"en-GB\",\"potentialAction\":[{\"@type\":\"CommentAction\",\"name\":\"Comment\",\"target\":[\"https:\/\/www.torreviejagastronomica.com\/10a-edicion-nos-vamos-de-tapas-2023\/#respond\"]}]},{\"@type\":\"WebPage\",\"@id\":\"https:\/\/www.torreviejagastronomica.com\/10a-edicion-nos-vamos-de-tapas-2023\/\",\"url\":\"https:\/\/www.torreviejagastronomica.com\/10a-edicion-nos-vamos-de-tapas-2023\/\",\"name\":\"10\u00aa Edici\u00f3n NOS VAMOS DE TAPAS 2023 - Torrevieja Gastron\u00f3mica\",\"isPartOf\":{\"@id\":\"https:\/\/www.torreviejagastronomica.com\/#website\"},\"primaryImageOfPage\":{\"@id\":\"https:\/\/www.torreviejagastronomica.com\/10a-edicion-nos-vamos-de-tapas-2023\/#primaryimage\"},\"image\":{\"@id\":\"https:\/\/www.torreviejagastronomica.com\/10a-edicion-nos-vamos-de-tapas-2023\/#primaryimage\"},\"thumbnailUrl\":\"https:\/\/www.torreviejagastronomica.com\/wp-content\/uploads\/2023\/11\/CARTEL-NOS-VAMOS-DE-TAPAS-2023.jpg\",\"datePublished\":\"2023-11-06T08:59:59+00:00\",\"dateModified\":\"2023-11-07T09:14:03+00:00\",\"breadcrumb\":{\"@id\":\"https:\/\/www.torreviejagastronomica.com\/10a-edicion-nos-vamos-de-tapas-2023\/#breadcrumb\"},\"inLanguage\":\"en-GB\",\"potentialAction\":[{\"@type\":\"ReadAction\",\"target\":[\"https:\/\/www.torreviejagastronomica.com\/10a-edicion-nos-vamos-de-tapas-2023\/\"]}]},{\"@type\":\"ImageObject\",\"inLanguage\":\"en-GB\",\"@id\":\"https:\/\/www.torreviejagastronomica.com\/10a-edicion-nos-vamos-de-tapas-2023\/#primaryimage\",\"url\":\"https:\/\/www.torreviejagastronomica.com\/wp-content\/uploads\/2023\/11\/CARTEL-NOS-VAMOS-DE-TAPAS-2023.jpg\",\"contentUrl\":\"https:\/\/www.torreviejagastronomica.com\/wp-content\/uploads\/2023\/11\/CARTEL-NOS-VAMOS-DE-TAPAS-2023.jpg\",\"width\":656,\"height\":933},{\"@type\":\"BreadcrumbList\",\"@id\":\"https:\/\/www.torreviejagastronomica.com\/10a-edicion-nos-vamos-de-tapas-2023\/#breadcrumb\",\"itemListElement\":[{\"@type\":\"ListItem\",\"position\":1,\"name\":\"Portada\",\"item\":\"https:\/\/www.torreviejagastronomica.com\/\"},{\"@type\":\"ListItem\",\"position\":2,\"name\":\"10\u00aa Edici\u00f3n NOS VAMOS DE TAPAS 2023\"}]},{\"@type\":\"WebSite\",\"@id\":\"https:\/\/www.torreviejagastronomica.com\/#website\",\"url\":\"https:\/\/www.torreviejagastronomica.com\/\",\"name\":\"Torrevieja Gastron\u00f3mica\",\"description\":\"Asociaci\u00f3n Hosteler\u00eda Torrevieja y Comarca\",\"publisher\":{\"@id\":\"https:\/\/www.torreviejagastronomica.com\/#organization\"},\"potentialAction\":[{\"@type\":\"SearchAction\",\"target\":{\"@type\":\"EntryPoint\",\"urlTemplate\":\"https:\/\/www.torreviejagastronomica.com\/?s={search_term_string}\"},\"query-input\":{\"@type\":\"PropertyValueSpecification\",\"valueRequired\":true,\"valueName\":\"search_term_string\"}}],\"inLanguage\":\"en-GB\"},{\"@type\":\"Organization\",\"@id\":\"https:\/\/www.torreviejagastronomica.com\/#organization\",\"name\":\"Torrevieja Gastron\u00f3mica\",\"url\":\"https:\/\/www.torreviejagastronomica.com\/\",\"logo\":{\"@type\":\"ImageObject\",\"inLanguage\":\"en-GB\",\"@id\":\"https:\/\/www.torreviejagastronomica.com\/#\/schema\/logo\/image\/\",\"url\":\"https:\/\/www.torreviejagastronomica.com\/wp-content\/uploads\/2023\/09\/Logo-Torrevieja-Gastronomica.png\",\"contentUrl\":\"https:\/\/www.torreviejagastronomica.com\/wp-content\/uploads\/2023\/09\/Logo-Torrevieja-Gastronomica.png\",\"width\":350,\"height\":100,\"caption\":\"Torrevieja Gastron\u00f3mica\"},\"image\":{\"@id\":\"https:\/\/www.torreviejagastronomica.com\/#\/schema\/logo\/image\/\"}},{\"@type\":\"Person\",\"@id\":\"https:\/\/www.torreviejagastronomica.com\/#\/schema\/person\/9e0116f808f941d46f9baadf5335f0a9\",\"name\":\"Asociaci\u00f3n de Empresas de Hosteler\u00eda de Torrevieja y Comarca\",\"image\":{\"@type\":\"ImageObject\",\"inLanguage\":\"en-GB\",\"@id\":\"https:\/\/www.torreviejagastronomica.com\/#\/schema\/person\/image\/\",\"url\":\"https:\/\/secure.gravatar.com\/avatar\/32ba6ba6e685fc061412a65c4a8a8b6caaf6d90d0985a737a4015d36e84d2d1f?s=96&d=mm&r=g\",\"contentUrl\":\"https:\/\/secure.gravatar.com\/avatar\/32ba6ba6e685fc061412a65c4a8a8b6caaf6d90d0985a737a4015d36e84d2d1f?s=96&d=mm&r=g\",\"caption\":\"Asociaci\u00f3n de Empresas de Hosteler\u00eda de Torrevieja y Comarca\"},\"url\":\"https:\/\/www.torreviejagastronomica.com\/en\/author\/hosteleria\/\"}]}<\/script>\n<!-- \/ Yoast SEO plugin. -->","yoast_head_json":{"title":"10\u00aa Edici\u00f3n NOS VAMOS DE TAPAS 2023 - Torrevieja Gastron\u00f3mica","robots":{"index":"index","follow":"follow","max-snippet":"max-snippet:-1","max-image-preview":"max-image-preview:large","max-video-preview":"max-video-preview:-1"},"canonical":"https:\/\/www.torreviejagastronomica.com\/en\/10a-edicion-nos-vamos-de-tapas-2023\/","og_locale":"en_GB","og_type":"article","og_title":"10\u00aa Edici\u00f3n NOS VAMOS DE TAPAS 2023 - Torrevieja Gastron\u00f3mica","og_description":"\u00a1\u00a1Nos vamos de tapas en Torrevieja!! Del 9 al 12 y del 16 al 19 de Noviembre se celebra la 10\u00aa Edici\u00f3n de NOS VAMOS DE TAPAS Tapa + Bebida = 3,5\u20ac Nuevamente las calles de Torrevieja se llenaran de gente que sale a tapear, 15 establecimientos ofreceran un total de 60 tapas, 30 de [&hellip;]","og_url":"https:\/\/www.torreviejagastronomica.com\/en\/10a-edicion-nos-vamos-de-tapas-2023\/","og_site_name":"Torrevieja Gastron\u00f3mica","article_published_time":"2023-11-06T08:59:59+00:00","article_modified_time":"2023-11-07T09:14:03+00:00","og_image":[{"width":656,"height":933,"url":"https:\/\/www.torreviejagastronomica.com\/wp-content\/uploads\/2023\/11\/CARTEL-NOS-VAMOS-DE-TAPAS-2023.jpg","type":"image\/jpeg"}],"author":"Asociaci\u00f3n de Empresas de Hosteler\u00eda de Torrevieja y Comarca","twitter_card":"summary_large_image","twitter_misc":{"Written by":"Asociaci\u00f3n de Empresas de Hosteler\u00eda de Torrevieja y Comarca","Estimated reading time":"2 minutes"},"schema":{"@context":"https:\/\/schema.org","@graph":[{"@type":"Article","@id":"https:\/\/www.torreviejagastronomica.com\/10a-edicion-nos-vamos-de-tapas-2023\/#article","isPartOf":{"@id":"https:\/\/www.torreviejagastronomica.com\/10a-edicion-nos-vamos-de-tapas-2023\/"},"author":{"name":"Asociaci\u00f3n de Empresas de Hosteler\u00eda de Torrevieja y Comarca","@id":"https:\/\/www.torreviejagastronomica.com\/#\/schema\/person\/9e0116f808f941d46f9baadf5335f0a9"},"headline":"10\u00aa Edici\u00f3n NOS VAMOS DE TAPAS 2023","datePublished":"2023-11-06T08:59:59+00:00","dateModified":"2023-11-07T09:14:03+00:00","mainEntityOfPage":{"@id":"https:\/\/www.torreviejagastronomica.com\/10a-edicion-nos-vamos-de-tapas-2023\/"},"wordCount":367,"commentCount":0,"publisher":{"@id":"https:\/\/www.torreviejagastronomica.com\/#organization"},"image":{"@id":"https:\/\/www.torreviejagastronomica.com\/10a-edicion-nos-vamos-de-tapas-2023\/#primaryimage"},"thumbnailUrl":"https:\/\/www.torreviejagastronomica.com\/wp-content\/uploads\/2023\/11\/CARTEL-NOS-VAMOS-DE-TAPAS-2023.jpg","keywords":["asociaci\u00f3n hosteler\u00eda","torrevieja"],"articleSection":["Eventos","Noticias"],"inLanguage":"en-GB","potentialAction":[{"@type":"CommentAction","name":"Comment","target":["https:\/\/www.torreviejagastronomica.com\/10a-edicion-nos-vamos-de-tapas-2023\/#respond"]}]},{"@type":"WebPage","@id":"https:\/\/www.torreviejagastronomica.com\/10a-edicion-nos-vamos-de-tapas-2023\/","url":"https:\/\/www.torreviejagastronomica.com\/10a-edicion-nos-vamos-de-tapas-2023\/","name":"10\u00aa Edici\u00f3n NOS VAMOS DE TAPAS 2023 - Torrevieja Gastron\u00f3mica","isPartOf":{"@id":"https:\/\/www.torreviejagastronomica.com\/#website"},"primaryImageOfPage":{"@id":"https:\/\/www.torreviejagastronomica.com\/10a-edicion-nos-vamos-de-tapas-2023\/#primaryimage"},"image":{"@id":"https:\/\/www.torreviejagastronomica.com\/10a-edicion-nos-vamos-de-tapas-2023\/#primaryimage"},"thumbnailUrl":"https:\/\/www.torreviejagastronomica.com\/wp-content\/uploads\/2023\/11\/CARTEL-NOS-VAMOS-DE-TAPAS-2023.jpg","datePublished":"2023-11-06T08:59:59+00:00","dateModified":"2023-11-07T09:14:03+00:00","breadcrumb":{"@id":"https:\/\/www.torreviejagastronomica.com\/10a-edicion-nos-vamos-de-tapas-2023\/#breadcrumb"},"inLanguage":"en-GB","potentialAction":[{"@type":"ReadAction","target":["https:\/\/www.torreviejagastronomica.com\/10a-edicion-nos-vamos-de-tapas-2023\/"]}]},{"@type":"ImageObject","inLanguage":"en-GB","@id":"https:\/\/www.torreviejagastronomica.com\/10a-edicion-nos-vamos-de-tapas-2023\/#primaryimage","url":"https:\/\/www.torreviejagastronomica.com\/wp-content\/uploads\/2023\/11\/CARTEL-NOS-VAMOS-DE-TAPAS-2023.jpg","contentUrl":"https:\/\/www.torreviejagastronomica.com\/wp-content\/uploads\/2023\/11\/CARTEL-NOS-VAMOS-DE-TAPAS-2023.jpg","width":656,"height":933},{"@type":"BreadcrumbList","@id":"https:\/\/www.torreviejagastronomica.com\/10a-edicion-nos-vamos-de-tapas-2023\/#breadcrumb","itemListElement":[{"@type":"ListItem","position":1,"name":"Portada","item":"https:\/\/www.torreviejagastronomica.com\/"},{"@type":"ListItem","position":2,"name":"10\u00aa Edici\u00f3n NOS VAMOS DE TAPAS 2023"}]},{"@type":"WebSite","@id":"https:\/\/www.torreviejagastronomica.com\/#website","url":"https:\/\/www.torreviejagastronomica.com\/","name":"Torrevieja Gastron\u00f3mica","description":"Asociaci\u00f3n Hosteler\u00eda Torrevieja y Comarca","publisher":{"@id":"https:\/\/www.torreviejagastronomica.com\/#organization"},"potentialAction":[{"@type":"SearchAction","target":{"@type":"EntryPoint","urlTemplate":"https:\/\/www.torreviejagastronomica.com\/?s={search_term_string}"},"query-input":{"@type":"PropertyValueSpecification","valueRequired":true,"valueName":"search_term_string"}}],"inLanguage":"en-GB"},{"@type":"Organization","@id":"https:\/\/www.torreviejagastronomica.com\/#organization","name":"Torrevieja Gastron\u00f3mica","url":"https:\/\/www.torreviejagastronomica.com\/","logo":{"@type":"ImageObject","inLanguage":"en-GB","@id":"https:\/\/www.torreviejagastronomica.com\/#\/schema\/logo\/image\/","url":"https:\/\/www.torreviejagastronomica.com\/wp-content\/uploads\/2023\/09\/Logo-Torrevieja-Gastronomica.png","contentUrl":"https:\/\/www.torreviejagastronomica.com\/wp-content\/uploads\/2023\/09\/Logo-Torrevieja-Gastronomica.png","width":350,"height":100,"caption":"Torrevieja Gastron\u00f3mica"},"image":{"@id":"https:\/\/www.torreviejagastronomica.com\/#\/schema\/logo\/image\/"}},{"@type":"Person","@id":"https:\/\/www.torreviejagastronomica.com\/#\/schema\/person\/9e0116f808f941d46f9baadf5335f0a9","name":"Asociaci\u00f3n de Empresas de Hosteler\u00eda de Torrevieja y Comarca","image":{"@type":"ImageObject","inLanguage":"en-GB","@id":"https:\/\/www.torreviejagastronomica.com\/#\/schema\/person\/image\/","url":"https:\/\/secure.gravatar.com\/avatar\/32ba6ba6e685fc061412a65c4a8a8b6caaf6d90d0985a737a4015d36e84d2d1f?s=96&d=mm&r=g","contentUrl":"https:\/\/secure.gravatar.com\/avatar\/32ba6ba6e685fc061412a65c4a8a8b6caaf6d90d0985a737a4015d36e84d2d1f?s=96&d=mm&r=g","caption":"Asociaci\u00f3n de Empresas de Hosteler\u00eda de Torrevieja y Comarca"},"url":"https:\/\/www.torreviejagastronomica.com\/en\/author\/hosteleria\/"}]}},"_links":{"self":[{"href":"https:\/\/www.torreviejagastronomica.com\/en\/wp-json\/wp\/v2\/posts\/4459","targetHints":{"allow":["GET"]}}],"collection":[{"href":"https:\/\/www.torreviejagastronomica.com\/en\/wp-json\/wp\/v2\/posts"}],"about":[{"href":"https:\/\/www.torreviejagastronomica.com\/en\/wp-json\/wp\/v2\/types\/post"}],"author":[{"embeddable":true,"href":"https:\/\/www.torreviejagastronomica.com\/en\/wp-json\/wp\/v2\/users\/4"}],"replies":[{"embeddable":true,"href":"https:\/\/www.torreviejagastronomica.com\/en\/wp-json\/wp\/v2\/comments?post=4459"}],"version-history":[{"count":2,"href":"https:\/\/www.torreviejagastronomica.com\/en\/wp-json\/wp\/v2\/posts\/4459\/revisions"}],"predecessor-version":[{"id":4465,"href":"https:\/\/www.torreviejagastronomica.com\/en\/wp-json\/wp\/v2\/posts\/4459\/revisions\/4465"}],"wp:featuredmedia":[{"embeddable":true,"href":"https:\/\/www.torreviejagastronomica.com\/en\/wp-json\/wp\/v2\/media\/4460"}],"wp:attachment":[{"href":"https:\/\/www.torreviejagastronomica.com\/en\/wp-json\/wp\/v2\/media?parent=4459"}],"wp:term":[{"taxonomy":"category","embeddable":true,"href":"https:\/\/www.torreviejagastronomica.com\/en\/wp-json\/wp\/v2\/categories?post=4459"},{"taxonomy":"post_tag","embeddable":true,"href":"https:\/\/www.torreviejagastronomica.com\/en\/wp-json\/wp\/v2\/tags?post=4459"}],"curies":[{"name":"wp","href":"https:\/\/api.w.org\/{rel}","templated":true}]}}