{"id":358,"date":"2011-11-11T18:22:24","date_gmt":"2011-11-11T18:22:24","guid":{"rendered":"http:\/\/www.torreviejagastronomica.com\/?p=358"},"modified":"2011-11-11T18:22:24","modified_gmt":"2011-11-11T18:22:24","slug":"inaugurado-el-xiii-congreso-lo-mejor-de-la-gastronomia-con-destacada-participacion-torrevejense","status":"publish","type":"post","link":"https:\/\/www.torreviejagastronomica.com\/en\/inaugurado-el-xiii-congreso-lo-mejor-de-la-gastronomia-con-destacada-participacion-torrevejense\/","title":{"rendered":"Inauguration of the Lo Mejor de la Gastronom\u00eda Congress with outstanding participation from Torrevieja"},"content":{"rendered":"<p style=\"text-align: justify;\">Source:\"<a title=\"torreviejaip.tv\" href=\"http:\/\/www.torreviejaip.tv\/sociedad\/201111149343\/inaugurado-el-xiii-congreso-lo-mejor-de-la-gastronomia-con-destacada-participacion-torrevejense.html\" target=\"_blank\" rel=\"noopener\">torreviejaip.tv<\/a>\"<\/p>\n<p style=\"text-align: justify;\">On Saturday took place in IFA the opening of the XIII Congress \"The Best of Gastronomy\" in which Torrevieja is represented in a stand of more than 125 square meters, with 7 catering establishments, which present the culinary image of Torrevieja. The president of the Provincial Council, Luisa Pastor, visited with the deputy of Tourism Joaquin Albaladejo, the stand of Torrevieja, where she was received by its mayor, Eduardo Dolon. Precisely, the Torrevieja stand was one of the most successful and most visited on the opening day of this important gastronomic event.<\/p>","protected":false},"excerpt":{"rendered":"<p>Source: \"torreviejaip.tv\" On Saturday took place in IFA the inauguration of the XIII Congress \"The Best of Gastronomy\" in which Torrevieja is represented in a stand of more than 125 square meters, with 7 catering establishments, which present the culinary image of Torrevieja. The president of the Provincial Council, Luisa Pastor, visited together with the deputy of [...]<\/p>","protected":false},"author":3,"featured_media":360,"comment_status":"closed","ping_status":"open","sticky":false,"template":"","format":"standard","meta":{"footnotes":""},"categories":[24,8,7],"tags":[28,42,26],"class_list":["post-358","post","type-post","status-publish","format-standard","has-post-thumbnail","hentry","category-bares-y-restaurantes","category-eventos","category-noticias","tag-alicante","tag-gastronomia","tag-torrevieja"],"yoast_head":"<!-- This site is optimized with the Yoast SEO plugin v25.7 - https:\/\/yoast.com\/wordpress\/plugins\/seo\/ -->\n<title>Inaugurado el Congreso Lo Mejor de la Gastronom\u00eda con destacada participaci\u00f3n torrevejense - Torrevieja Gastron\u00f3mica<\/title>\n<meta name=\"robots\" content=\"index, follow, max-snippet:-1, max-image-preview:large, max-video-preview:-1\" \/>\n<link rel=\"canonical\" href=\"https:\/\/www.torreviejagastronomica.com\/en\/inaugurado-el-xiii-congreso-lo-mejor-de-la-gastronomia-con-destacada-participacion-torrevejense\/\" \/>\n<meta property=\"og:locale\" content=\"en_GB\" \/>\n<meta property=\"og:type\" content=\"article\" \/>\n<meta property=\"og:title\" content=\"Inaugurado el Congreso Lo Mejor de la Gastronom\u00eda con destacada participaci\u00f3n torrevejense - Torrevieja Gastron\u00f3mica\" \/>\n<meta property=\"og:description\" content=\"Fuente:\u00bbtorreviejaip.tv\u00ab El s\u00e1bado ten\u00eda lugar en IFA la inauguraci\u00f3n del XIII Congreso \u00abLo Mejor de la Gastronom\u00eda\u00bb en el que Torrevieja est\u00e1 representada en un stand de m\u00e1s de 125 metros cuadrados, con 7 establecimientos de restauraci\u00f3n, que presentan la imagen culinaria torrevejense. La presidenta de la Diputaci\u00f3n, Luisa Pastor, visit\u00f3 junto al diputado de [&hellip;]\" \/>\n<meta property=\"og:url\" content=\"https:\/\/www.torreviejagastronomica.com\/en\/inaugurado-el-xiii-congreso-lo-mejor-de-la-gastronomia-con-destacada-participacion-torrevejense\/\" \/>\n<meta property=\"og:site_name\" content=\"Torrevieja Gastron\u00f3mica\" \/>\n<meta property=\"article:published_time\" content=\"2011-11-11T18:22:24+00:00\" \/>\n<meta property=\"og:image\" content=\"https:\/\/www.torreviejagastronomica.com\/wp-content\/uploads\/2013\/01\/lomejordelagastronomia.jpg\" \/>\n\t<meta property=\"og:image:width\" content=\"267\" \/>\n\t<meta property=\"og:image:height\" content=\"267\" \/>\n\t<meta property=\"og:image:type\" content=\"image\/jpeg\" \/>\n<meta name=\"author\" content=\"admin\" \/>\n<meta name=\"twitter:card\" content=\"summary_large_image\" \/>\n<meta name=\"twitter:label1\" content=\"Written by\" \/>\n\t<meta name=\"twitter:data1\" content=\"admin\" \/>\n\t<meta name=\"twitter:label2\" content=\"Estimated reading time\" \/>\n\t<meta name=\"twitter:data2\" content=\"1 minute\" \/>\n<script type=\"application\/ld+json\" class=\"yoast-schema-graph\">{\"@context\":\"https:\/\/schema.org\",\"@graph\":[{\"@type\":\"Article\",\"@id\":\"https:\/\/www.torreviejagastronomica.com\/inaugurado-el-xiii-congreso-lo-mejor-de-la-gastronomia-con-destacada-participacion-torrevejense\/#article\",\"isPartOf\":{\"@id\":\"https:\/\/www.torreviejagastronomica.com\/inaugurado-el-xiii-congreso-lo-mejor-de-la-gastronomia-con-destacada-participacion-torrevejense\/\"},\"author\":{\"name\":\"admin\",\"@id\":\"https:\/\/www.torreviejagastronomica.com\/#\/schema\/person\/43c1ae0a05eb24e94513f69078cd11a7\"},\"headline\":\"Inaugurado el Congreso Lo Mejor de la Gastronom\u00eda con destacada participaci\u00f3n torrevejense\",\"datePublished\":\"2011-11-11T18:22:24+00:00\",\"mainEntityOfPage\":{\"@id\":\"https:\/\/www.torreviejagastronomica.com\/inaugurado-el-xiii-congreso-lo-mejor-de-la-gastronomia-con-destacada-participacion-torrevejense\/\"},\"wordCount\":119,\"publisher\":{\"@id\":\"https:\/\/www.torreviejagastronomica.com\/#organization\"},\"image\":{\"@id\":\"https:\/\/www.torreviejagastronomica.com\/inaugurado-el-xiii-congreso-lo-mejor-de-la-gastronomia-con-destacada-participacion-torrevejense\/#primaryimage\"},\"thumbnailUrl\":\"https:\/\/www.torreviejagastronomica.com\/wp-content\/uploads\/2013\/01\/lomejordelagastronomia.jpg\",\"keywords\":[\"alicante\",\"gastronom\u00eda\",\"torrevieja\"],\"articleSection\":[\"Bares y Restaurantes\",\"Eventos\",\"Noticias\"],\"inLanguage\":\"en-GB\"},{\"@type\":\"WebPage\",\"@id\":\"https:\/\/www.torreviejagastronomica.com\/inaugurado-el-xiii-congreso-lo-mejor-de-la-gastronomia-con-destacada-participacion-torrevejense\/\",\"url\":\"https:\/\/www.torreviejagastronomica.com\/inaugurado-el-xiii-congreso-lo-mejor-de-la-gastronomia-con-destacada-participacion-torrevejense\/\",\"name\":\"Inaugurado el Congreso Lo Mejor de la Gastronom\u00eda con destacada participaci\u00f3n torrevejense - Torrevieja Gastron\u00f3mica\",\"isPartOf\":{\"@id\":\"https:\/\/www.torreviejagastronomica.com\/#website\"},\"primaryImageOfPage\":{\"@id\":\"https:\/\/www.torreviejagastronomica.com\/inaugurado-el-xiii-congreso-lo-mejor-de-la-gastronomia-con-destacada-participacion-torrevejense\/#primaryimage\"},\"image\":{\"@id\":\"https:\/\/www.torreviejagastronomica.com\/inaugurado-el-xiii-congreso-lo-mejor-de-la-gastronomia-con-destacada-participacion-torrevejense\/#primaryimage\"},\"thumbnailUrl\":\"https:\/\/www.torreviejagastronomica.com\/wp-content\/uploads\/2013\/01\/lomejordelagastronomia.jpg\",\"datePublished\":\"2011-11-11T18:22:24+00:00\",\"breadcrumb\":{\"@id\":\"https:\/\/www.torreviejagastronomica.com\/inaugurado-el-xiii-congreso-lo-mejor-de-la-gastronomia-con-destacada-participacion-torrevejense\/#breadcrumb\"},\"inLanguage\":\"en-GB\",\"potentialAction\":[{\"@type\":\"ReadAction\",\"target\":[\"https:\/\/www.torreviejagastronomica.com\/inaugurado-el-xiii-congreso-lo-mejor-de-la-gastronomia-con-destacada-participacion-torrevejense\/\"]}]},{\"@type\":\"ImageObject\",\"inLanguage\":\"en-GB\",\"@id\":\"https:\/\/www.torreviejagastronomica.com\/inaugurado-el-xiii-congreso-lo-mejor-de-la-gastronomia-con-destacada-participacion-torrevejense\/#primaryimage\",\"url\":\"https:\/\/www.torreviejagastronomica.com\/wp-content\/uploads\/2013\/01\/lomejordelagastronomia.jpg\",\"contentUrl\":\"https:\/\/www.torreviejagastronomica.com\/wp-content\/uploads\/2013\/01\/lomejordelagastronomia.jpg\",\"width\":267,\"height\":267,\"caption\":\"Lo mejor de la gastronom\u00eda 2011\"},{\"@type\":\"BreadcrumbList\",\"@id\":\"https:\/\/www.torreviejagastronomica.com\/inaugurado-el-xiii-congreso-lo-mejor-de-la-gastronomia-con-destacada-participacion-torrevejense\/#breadcrumb\",\"itemListElement\":[{\"@type\":\"ListItem\",\"position\":1,\"name\":\"Portada\",\"item\":\"https:\/\/www.torreviejagastronomica.com\/\"},{\"@type\":\"ListItem\",\"position\":2,\"name\":\"Inaugurado el Congreso Lo Mejor de la Gastronom\u00eda con destacada participaci\u00f3n torrevejense\"}]},{\"@type\":\"WebSite\",\"@id\":\"https:\/\/www.torreviejagastronomica.com\/#website\",\"url\":\"https:\/\/www.torreviejagastronomica.com\/\",\"name\":\"Torrevieja Gastron\u00f3mica\",\"description\":\"Asociaci\u00f3n Hosteler\u00eda Torrevieja y Comarca\",\"publisher\":{\"@id\":\"https:\/\/www.torreviejagastronomica.com\/#organization\"},\"potentialAction\":[{\"@type\":\"SearchAction\",\"target\":{\"@type\":\"EntryPoint\",\"urlTemplate\":\"https:\/\/www.torreviejagastronomica.com\/?s={search_term_string}\"},\"query-input\":{\"@type\":\"PropertyValueSpecification\",\"valueRequired\":true,\"valueName\":\"search_term_string\"}}],\"inLanguage\":\"en-GB\"},{\"@type\":\"Organization\",\"@id\":\"https:\/\/www.torreviejagastronomica.com\/#organization\",\"name\":\"Torrevieja Gastron\u00f3mica\",\"url\":\"https:\/\/www.torreviejagastronomica.com\/\",\"logo\":{\"@type\":\"ImageObject\",\"inLanguage\":\"en-GB\",\"@id\":\"https:\/\/www.torreviejagastronomica.com\/#\/schema\/logo\/image\/\",\"url\":\"https:\/\/www.torreviejagastronomica.com\/wp-content\/uploads\/2023\/09\/Logo-Torrevieja-Gastronomica.png\",\"contentUrl\":\"https:\/\/www.torreviejagastronomica.com\/wp-content\/uploads\/2023\/09\/Logo-Torrevieja-Gastronomica.png\",\"width\":350,\"height\":100,\"caption\":\"Torrevieja Gastron\u00f3mica\"},\"image\":{\"@id\":\"https:\/\/www.torreviejagastronomica.com\/#\/schema\/logo\/image\/\"}},{\"@type\":\"Person\",\"@id\":\"https:\/\/www.torreviejagastronomica.com\/#\/schema\/person\/43c1ae0a05eb24e94513f69078cd11a7\",\"name\":\"admin\",\"image\":{\"@type\":\"ImageObject\",\"inLanguage\":\"en-GB\",\"@id\":\"https:\/\/www.torreviejagastronomica.com\/#\/schema\/person\/image\/\",\"url\":\"https:\/\/secure.gravatar.com\/avatar\/6497fb95944786a8c3310104dbce94031a7dee2c3b2645b425bfeeec49855f50?s=96&d=mm&r=g\",\"contentUrl\":\"https:\/\/secure.gravatar.com\/avatar\/6497fb95944786a8c3310104dbce94031a7dee2c3b2645b425bfeeec49855f50?s=96&d=mm&r=g\",\"caption\":\"admin\"},\"url\":\"https:\/\/www.torreviejagastronomica.com\/en\/author\/admin\/\"}]}<\/script>\n<!-- \/ Yoast SEO plugin. -->","yoast_head_json":{"title":"Inaugurado el Congreso Lo Mejor de la Gastronom\u00eda con destacada participaci\u00f3n torrevejense - Torrevieja Gastron\u00f3mica","robots":{"index":"index","follow":"follow","max-snippet":"max-snippet:-1","max-image-preview":"max-image-preview:large","max-video-preview":"max-video-preview:-1"},"canonical":"https:\/\/www.torreviejagastronomica.com\/en\/inaugurado-el-xiii-congreso-lo-mejor-de-la-gastronomia-con-destacada-participacion-torrevejense\/","og_locale":"en_GB","og_type":"article","og_title":"Inaugurado el Congreso Lo Mejor de la Gastronom\u00eda con destacada participaci\u00f3n torrevejense - Torrevieja Gastron\u00f3mica","og_description":"Fuente:\u00bbtorreviejaip.tv\u00ab El s\u00e1bado ten\u00eda lugar en IFA la inauguraci\u00f3n del XIII Congreso \u00abLo Mejor de la Gastronom\u00eda\u00bb en el que Torrevieja est\u00e1 representada en un stand de m\u00e1s de 125 metros cuadrados, con 7 establecimientos de restauraci\u00f3n, que presentan la imagen culinaria torrevejense. La presidenta de la Diputaci\u00f3n, Luisa Pastor, visit\u00f3 junto al diputado de [&hellip;]","og_url":"https:\/\/www.torreviejagastronomica.com\/en\/inaugurado-el-xiii-congreso-lo-mejor-de-la-gastronomia-con-destacada-participacion-torrevejense\/","og_site_name":"Torrevieja Gastron\u00f3mica","article_published_time":"2011-11-11T18:22:24+00:00","og_image":[{"width":267,"height":267,"url":"https:\/\/www.torreviejagastronomica.com\/wp-content\/uploads\/2013\/01\/lomejordelagastronomia.jpg","type":"image\/jpeg"}],"author":"admin","twitter_card":"summary_large_image","twitter_misc":{"Written by":"admin","Estimated reading time":"1 minute"},"schema":{"@context":"https:\/\/schema.org","@graph":[{"@type":"Article","@id":"https:\/\/www.torreviejagastronomica.com\/inaugurado-el-xiii-congreso-lo-mejor-de-la-gastronomia-con-destacada-participacion-torrevejense\/#article","isPartOf":{"@id":"https:\/\/www.torreviejagastronomica.com\/inaugurado-el-xiii-congreso-lo-mejor-de-la-gastronomia-con-destacada-participacion-torrevejense\/"},"author":{"name":"admin","@id":"https:\/\/www.torreviejagastronomica.com\/#\/schema\/person\/43c1ae0a05eb24e94513f69078cd11a7"},"headline":"Inaugurado el Congreso Lo Mejor de la Gastronom\u00eda con destacada participaci\u00f3n torrevejense","datePublished":"2011-11-11T18:22:24+00:00","mainEntityOfPage":{"@id":"https:\/\/www.torreviejagastronomica.com\/inaugurado-el-xiii-congreso-lo-mejor-de-la-gastronomia-con-destacada-participacion-torrevejense\/"},"wordCount":119,"publisher":{"@id":"https:\/\/www.torreviejagastronomica.com\/#organization"},"image":{"@id":"https:\/\/www.torreviejagastronomica.com\/inaugurado-el-xiii-congreso-lo-mejor-de-la-gastronomia-con-destacada-participacion-torrevejense\/#primaryimage"},"thumbnailUrl":"https:\/\/www.torreviejagastronomica.com\/wp-content\/uploads\/2013\/01\/lomejordelagastronomia.jpg","keywords":["alicante","gastronom\u00eda","torrevieja"],"articleSection":["Bares y Restaurantes","Eventos","Noticias"],"inLanguage":"en-GB"},{"@type":"WebPage","@id":"https:\/\/www.torreviejagastronomica.com\/inaugurado-el-xiii-congreso-lo-mejor-de-la-gastronomia-con-destacada-participacion-torrevejense\/","url":"https:\/\/www.torreviejagastronomica.com\/inaugurado-el-xiii-congreso-lo-mejor-de-la-gastronomia-con-destacada-participacion-torrevejense\/","name":"Inaugurado el Congreso Lo Mejor de la Gastronom\u00eda con destacada participaci\u00f3n torrevejense - Torrevieja Gastron\u00f3mica","isPartOf":{"@id":"https:\/\/www.torreviejagastronomica.com\/#website"},"primaryImageOfPage":{"@id":"https:\/\/www.torreviejagastronomica.com\/inaugurado-el-xiii-congreso-lo-mejor-de-la-gastronomia-con-destacada-participacion-torrevejense\/#primaryimage"},"image":{"@id":"https:\/\/www.torreviejagastronomica.com\/inaugurado-el-xiii-congreso-lo-mejor-de-la-gastronomia-con-destacada-participacion-torrevejense\/#primaryimage"},"thumbnailUrl":"https:\/\/www.torreviejagastronomica.com\/wp-content\/uploads\/2013\/01\/lomejordelagastronomia.jpg","datePublished":"2011-11-11T18:22:24+00:00","breadcrumb":{"@id":"https:\/\/www.torreviejagastronomica.com\/inaugurado-el-xiii-congreso-lo-mejor-de-la-gastronomia-con-destacada-participacion-torrevejense\/#breadcrumb"},"inLanguage":"en-GB","potentialAction":[{"@type":"ReadAction","target":["https:\/\/www.torreviejagastronomica.com\/inaugurado-el-xiii-congreso-lo-mejor-de-la-gastronomia-con-destacada-participacion-torrevejense\/"]}]},{"@type":"ImageObject","inLanguage":"en-GB","@id":"https:\/\/www.torreviejagastronomica.com\/inaugurado-el-xiii-congreso-lo-mejor-de-la-gastronomia-con-destacada-participacion-torrevejense\/#primaryimage","url":"https:\/\/www.torreviejagastronomica.com\/wp-content\/uploads\/2013\/01\/lomejordelagastronomia.jpg","contentUrl":"https:\/\/www.torreviejagastronomica.com\/wp-content\/uploads\/2013\/01\/lomejordelagastronomia.jpg","width":267,"height":267,"caption":"Lo mejor de la gastronom\u00eda 2011"},{"@type":"BreadcrumbList","@id":"https:\/\/www.torreviejagastronomica.com\/inaugurado-el-xiii-congreso-lo-mejor-de-la-gastronomia-con-destacada-participacion-torrevejense\/#breadcrumb","itemListElement":[{"@type":"ListItem","position":1,"name":"Portada","item":"https:\/\/www.torreviejagastronomica.com\/"},{"@type":"ListItem","position":2,"name":"Inaugurado el Congreso Lo Mejor de la Gastronom\u00eda con destacada participaci\u00f3n torrevejense"}]},{"@type":"WebSite","@id":"https:\/\/www.torreviejagastronomica.com\/#website","url":"https:\/\/www.torreviejagastronomica.com\/","name":"Torrevieja Gastron\u00f3mica","description":"Asociaci\u00f3n Hosteler\u00eda Torrevieja y Comarca","publisher":{"@id":"https:\/\/www.torreviejagastronomica.com\/#organization"},"potentialAction":[{"@type":"SearchAction","target":{"@type":"EntryPoint","urlTemplate":"https:\/\/www.torreviejagastronomica.com\/?s={search_term_string}"},"query-input":{"@type":"PropertyValueSpecification","valueRequired":true,"valueName":"search_term_string"}}],"inLanguage":"en-GB"},{"@type":"Organization","@id":"https:\/\/www.torreviejagastronomica.com\/#organization","name":"Torrevieja Gastron\u00f3mica","url":"https:\/\/www.torreviejagastronomica.com\/","logo":{"@type":"ImageObject","inLanguage":"en-GB","@id":"https:\/\/www.torreviejagastronomica.com\/#\/schema\/logo\/image\/","url":"https:\/\/www.torreviejagastronomica.com\/wp-content\/uploads\/2023\/09\/Logo-Torrevieja-Gastronomica.png","contentUrl":"https:\/\/www.torreviejagastronomica.com\/wp-content\/uploads\/2023\/09\/Logo-Torrevieja-Gastronomica.png","width":350,"height":100,"caption":"Torrevieja Gastron\u00f3mica"},"image":{"@id":"https:\/\/www.torreviejagastronomica.com\/#\/schema\/logo\/image\/"}},{"@type":"Person","@id":"https:\/\/www.torreviejagastronomica.com\/#\/schema\/person\/43c1ae0a05eb24e94513f69078cd11a7","name":"admin","image":{"@type":"ImageObject","inLanguage":"en-GB","@id":"https:\/\/www.torreviejagastronomica.com\/#\/schema\/person\/image\/","url":"https:\/\/secure.gravatar.com\/avatar\/6497fb95944786a8c3310104dbce94031a7dee2c3b2645b425bfeeec49855f50?s=96&d=mm&r=g","contentUrl":"https:\/\/secure.gravatar.com\/avatar\/6497fb95944786a8c3310104dbce94031a7dee2c3b2645b425bfeeec49855f50?s=96&d=mm&r=g","caption":"admin"},"url":"https:\/\/www.torreviejagastronomica.com\/en\/author\/admin\/"}]}},"_links":{"self":[{"href":"https:\/\/www.torreviejagastronomica.com\/en\/wp-json\/wp\/v2\/posts\/358","targetHints":{"allow":["GET"]}}],"collection":[{"href":"https:\/\/www.torreviejagastronomica.com\/en\/wp-json\/wp\/v2\/posts"}],"about":[{"href":"https:\/\/www.torreviejagastronomica.com\/en\/wp-json\/wp\/v2\/types\/post"}],"author":[{"embeddable":true,"href":"https:\/\/www.torreviejagastronomica.com\/en\/wp-json\/wp\/v2\/users\/3"}],"replies":[{"embeddable":true,"href":"https:\/\/www.torreviejagastronomica.com\/en\/wp-json\/wp\/v2\/comments?post=358"}],"version-history":[{"count":0,"href":"https:\/\/www.torreviejagastronomica.com\/en\/wp-json\/wp\/v2\/posts\/358\/revisions"}],"wp:featuredmedia":[{"embeddable":true,"href":"https:\/\/www.torreviejagastronomica.com\/en\/wp-json\/wp\/v2\/media\/360"}],"wp:attachment":[{"href":"https:\/\/www.torreviejagastronomica.com\/en\/wp-json\/wp\/v2\/media?parent=358"}],"wp:term":[{"taxonomy":"category","embeddable":true,"href":"https:\/\/www.torreviejagastronomica.com\/en\/wp-json\/wp\/v2\/categories?post=358"},{"taxonomy":"post_tag","embeddable":true,"href":"https:\/\/www.torreviejagastronomica.com\/en\/wp-json\/wp\/v2\/tags?post=358"}],"curies":[{"name":"wp","href":"https:\/\/api.w.org\/{rel}","templated":true}]}}