{"id":3467,"date":"2023-07-19T06:56:57","date_gmt":"2023-07-19T06:56:57","guid":{"rendered":"https:\/\/www.torreviejagastronomica.com\/?p=3467"},"modified":"2023-07-19T06:56:57","modified_gmt":"2023-07-19T06:56:57","slug":"hosteleria-por-el-clima-impulsado-por-coca-cola-adhierete","status":"publish","type":"post","link":"https:\/\/www.torreviejagastronomica.com\/en\/hosteleria-por-el-clima-impulsado-por-coca-cola-adhierete\/","title":{"rendered":"CLIMATE HOSPITALITY POWERED BY COCA COLA JOIN US!!!"},"content":{"rendered":"<p>By clicking on&nbsp;<a href=\"https:\/\/urldefense.com\/v3\/__https:\/hosteleriaporelclima.es\/actua-porelclima\/iniciar-sesion\/__;!!JnGxnq7w!0CZUid23ihX9ni4RgsrIIqUFvyH1QZ3h4kMqofd5REZDG6YyqfYJEmb9mQNr$\" target=\"_blank\" rel=\"noreferrer noopener\">this link<\/a>Once you have created an account, you will find a short questionnaire of 5 questions to join the project. Yes, it's as easy as that! Once the account is created, each profile can be personalised:&nbsp;<strong>put the RRSS of the establishment, geolocate you on the map, add photos in the profile that serve to identify your establishment, etc.<\/strong>.&nbsp;<\/p>\n\n\n\n<p>In addition, when an establishment is a member, you can find in the section&nbsp;<a href=\"https:\/\/urldefense.com\/v3\/__https:\/hosteleriaporelclima.es\/actua-porelclima__;!!JnGxnq7w!0CZUid23ihX9ni4RgsrIIqUFvyH1QZ3h4kMqofd5REZDG6YyqfYJEiVd5PdE$\" target=\"_blank\" rel=\"noreferrer noopener\">#PforClimate acts<\/a>&nbsp;the following services and tools&nbsp;<strong>free<\/strong>:<\/p>\n\n\n\n<ul class=\"wp-block-list\"><li>More than 50 actions against climate change that you can take. We help you make your&nbsp;<a href=\"https:\/\/urldefense.com\/v3\/__https:\/hosteleriaporelclima.es\/actua-porelclima\/acciones-para-reducir-tus-emisiones__;!!JnGxnq7w!0CZUid23ihX9ni4RgsrIIqUFvyH1QZ3h4kMqofd5REZDG6YyqfYJErIhwrmd$\" target=\"_blank\" rel=\"noreferrer noopener\">\"Climate Change Action Plan<\/a>&nbsp;in the private part of your establishment's profile.<\/li><li>Do you want to know how much CO2 you emit&nbsp;<a href=\"https:\/\/urldefense.com\/v3\/__https:\/hosteleriaporelclima.es\/actua-porelclima\/calculadora-calefaccion-y-acs__;!!JnGxnq7w!0CZUid23ihX9ni4RgsrIIqUFvyH1QZ3h4kMqofd5REZDG6YyqfYJErmrIpN_$\" target=\"_blank\" rel=\"noreferrer noopener\">with<\/a><a href=\"https:\/\/urldefense.com\/v3\/__https:\/hosteleriaporelclima.es\/actua-porelclima\/calculadora-calefaccion-y-acs__;!!JnGxnq7w!0CZUid23ihX9ni4RgsrIIqUFvyH1QZ3h4kMqofd5REZDG6YyqfYJErmrIpN_$\" target=\"_blank\" rel=\"noreferrer noopener\">&nbsp;heating<\/a>&nbsp;o&nbsp;<a href=\"https:\/\/urldefense.com\/v3\/__https:\/hosteleriaporelclima.es\/actua-porelclima\/calculadora-electricidad__;!!JnGxnq7w!0CZUid23ihX9ni4RgsrIIqUFvyH1QZ3h4kMqofd5REZDG6YyqfYJEmkMRQFo$\" target=\"_blank\" rel=\"noreferrer noopener\">with the<\/a><a href=\"https:\/\/urldefense.com\/v3\/__https:\/hosteleriaporelclima.es\/actua-porelclima\/calculadora-electricidad__;!!JnGxnq7w!0CZUid23ihX9ni4RgsrIIqUFvyH1QZ3h4kMqofd5REZDG6YyqfYJEmkMRQFo$\" target=\"_blank\" rel=\"noreferrer noopener\">&nbsp;light<\/a>? Use the calculators for free.<\/li><li>You can ask your customers to help you to save water or to recycle correctly thanks to the&nbsp;<a href=\"https:\/\/urldefense.com\/v3\/__https:\/hosteleriaporelclima.es\/actua-porelclima\/senaletica__;!!JnGxnq7w!0CZUid23ihX9ni4RgsrIIqUFvyH1QZ3h4kMqofd5REZDG6YyqfYJEk76aSEY$\" target=\"_blank\" rel=\"noreferrer noopener\">posters<\/a>&nbsp;prepared for you.<\/li><li>And if you need more information about energy efficiency, water saving, waste management or food waste in the videos of the&nbsp;<a href=\"https:\/\/urldefense.com\/v3\/__https:\/hosteleriaporelclima.es\/actua-porelclima\/ciclo-de-webinars-abiertos-al-cambio__;!!JnGxnq7w!0CZUid23ihX9ni4RgsrIIqUFvyH1QZ3h4kMqofd5REZDG6YyqfYJEltdARGH$\" target=\"_blank\" rel=\"noreferrer noopener\">\"Webinar series @open to change<\/a>\"You will be able to resolve many of the doubts.<\/li><li>In addition, if you are a member, you can be one of those selected this year for the calculation and offsetting of your establishment's carbon footprint in our&nbsp;<a href=\"https:\/\/urldefense.com\/v3\/__https:\/hosteleriaporelclima.es\/actua-porelclima\/ganadores-sumatealcambio__;!!JnGxnq7w!0CZUid23ihX9ni4RgsrIIqUFvyH1QZ3h4kMqofd5REZDG6YyqfYJEhmvkP07$\" target=\"_blank\" rel=\"noreferrer noopener\">#S\u00famateAlCambio\" (1TP5SupportChange) campaign<\/a>.<\/li><\/ul>\n\n\n\n<p><a href=\"https:\/\/www.alicantehosteleria.com\/upload\/documentos\/proveedores\/2022\/folleto-hosteleria-por-el-clima.pdf\"><strong>BROCHURE<\/strong><\/a><\/p>\n\n\n\n<p><img decoding=\"async\" width=\"150\" height=\"102\" class=\"wp-image-3469\" style=\"width: 150px;\" src=\"https:\/\/www.torreviejagastronomica.com\/wp-content\/uploads\/2023\/07\/IMAGEN-COCA-COLA2.png\" alt=\"\" srcset=\"https:\/\/www.torreviejagastronomica.com\/wp-content\/uploads\/2023\/07\/IMAGEN-COCA-COLA2.png 937w, https:\/\/www.torreviejagastronomica.com\/wp-content\/uploads\/2023\/07\/IMAGEN-COCA-COLA2-300x204.png 300w, https:\/\/www.torreviejagastronomica.com\/wp-content\/uploads\/2023\/07\/IMAGEN-COCA-COLA2-768x522.png 768w\" sizes=\"(max-width: 150px) 100vw, 150px\" \/>           <img decoding=\"async\" width=\"150\" height=\"50\" class=\"wp-image-3471\" style=\"width: 150px;\" src=\"https:\/\/www.torreviejagastronomica.com\/wp-content\/uploads\/2023\/07\/CC-logo-fondo-rojo.png\" alt=\"\" srcset=\"https:\/\/www.torreviejagastronomica.com\/wp-content\/uploads\/2023\/07\/CC-logo-fondo-rojo.png 1037w, https:\/\/www.torreviejagastronomica.com\/wp-content\/uploads\/2023\/07\/CC-logo-fondo-rojo-300x99.png 300w, https:\/\/www.torreviejagastronomica.com\/wp-content\/uploads\/2023\/07\/CC-logo-fondo-rojo-1024x339.png 1024w, https:\/\/www.torreviejagastronomica.com\/wp-content\/uploads\/2023\/07\/CC-logo-fondo-rojo-768x254.png 768w\" sizes=\"(max-width: 150px) 100vw, 150px\" \/><\/p>","protected":false},"excerpt":{"rendered":"<p>By clicking on this link, you will find a short questionnaire of 5 questions to join the project. Yes, it's that easy! Once the account has been created, each profile can be personalised: you can add the establishment's social networks, geo-locate yourself on the map, add photos to your profile to identify your establishment, etc.  In addition, when an establishment [...]<\/p>","protected":false},"author":4,"featured_media":3468,"comment_status":"closed","ping_status":"open","sticky":true,"template":"","format":"standard","meta":{"footnotes":""},"categories":[7],"tags":[68,69,70],"class_list":["post-3467","post","type-post","status-publish","format-standard","has-post-thumbnail","hentry","category-noticias","tag-cambioclimatico","tag-cocacola","tag-hosteleria-2"],"yoast_head":"<!-- This site is optimized with the Yoast SEO plugin v25.7 - https:\/\/yoast.com\/wordpress\/plugins\/seo\/ -->\n<title>HOSTELER\u00cdA POR EL CLIMA IMPULSADO POR COCA COLA \u00a1\u00a1ADHI\u00c9RETE!! - Torrevieja Gastron\u00f3mica<\/title>\n<meta name=\"robots\" content=\"index, follow, max-snippet:-1, max-image-preview:large, max-video-preview:-1\" \/>\n<link rel=\"canonical\" href=\"https:\/\/www.torreviejagastronomica.com\/en\/hosteleria-por-el-clima-impulsado-por-coca-cola-adhierete\/\" \/>\n<meta property=\"og:locale\" content=\"en_GB\" \/>\n<meta property=\"og:type\" content=\"article\" \/>\n<meta property=\"og:title\" content=\"HOSTELER\u00cdA POR EL CLIMA IMPULSADO POR COCA COLA \u00a1\u00a1ADHI\u00c9RETE!! - Torrevieja Gastron\u00f3mica\" \/>\n<meta property=\"og:description\" content=\"Haciendo click en&nbsp;este enlace, se encuentra un breve cuestionario de 5 preguntas para realizar la adhesi\u00f3n al proyecto. \u00a1S\u00ed, as\u00ed de f\u00e1cil! Una vez creada la cuenta, cada perfil se puede personalizar:&nbsp;poner las RRSS del establecimiento, geolocalizarte&nbsp;en el mapa, a\u00f1adir fotos en el perfil que sirvan para identificar tu establecimiento, etc.&nbsp; Adem\u00e1s, cuando un establecimiento [&hellip;]\" \/>\n<meta property=\"og:url\" content=\"https:\/\/www.torreviejagastronomica.com\/en\/hosteleria-por-el-clima-impulsado-por-coca-cola-adhierete\/\" \/>\n<meta property=\"og:site_name\" content=\"Torrevieja Gastron\u00f3mica\" \/>\n<meta property=\"article:published_time\" content=\"2023-07-19T06:56:57+00:00\" \/>\n<meta property=\"og:image\" content=\"https:\/\/www.torreviejagastronomica.com\/wp-content\/uploads\/2023\/07\/IMAGEN-COCA-COLA.png\" \/>\n\t<meta property=\"og:image:width\" content=\"584\" \/>\n\t<meta property=\"og:image:height\" content=\"777\" \/>\n\t<meta property=\"og:image:type\" content=\"image\/png\" \/>\n<meta name=\"author\" content=\"Asociaci\u00f3n de Empresas de Hosteler\u00eda de Torrevieja y Comarca\" \/>\n<meta name=\"twitter:card\" content=\"summary_large_image\" \/>\n<meta name=\"twitter:label1\" content=\"Written by\" \/>\n\t<meta name=\"twitter:data1\" content=\"Asociaci\u00f3n de Empresas de Hosteler\u00eda de Torrevieja y Comarca\" \/>\n\t<meta name=\"twitter:label2\" content=\"Estimated reading time\" \/>\n\t<meta name=\"twitter:data2\" content=\"1 minute\" \/>\n<script type=\"application\/ld+json\" class=\"yoast-schema-graph\">{\"@context\":\"https:\/\/schema.org\",\"@graph\":[{\"@type\":\"Article\",\"@id\":\"https:\/\/www.torreviejagastronomica.com\/hosteleria-por-el-clima-impulsado-por-coca-cola-adhierete\/#article\",\"isPartOf\":{\"@id\":\"https:\/\/www.torreviejagastronomica.com\/hosteleria-por-el-clima-impulsado-por-coca-cola-adhierete\/\"},\"author\":{\"name\":\"Asociaci\u00f3n de Empresas de Hosteler\u00eda de Torrevieja y Comarca\",\"@id\":\"https:\/\/www.torreviejagastronomica.com\/#\/schema\/person\/9e0116f808f941d46f9baadf5335f0a9\"},\"headline\":\"HOSTELER\u00cdA POR EL CLIMA IMPULSADO POR COCA COLA \u00a1\u00a1ADHI\u00c9RETE!!\",\"datePublished\":\"2023-07-19T06:56:57+00:00\",\"mainEntityOfPage\":{\"@id\":\"https:\/\/www.torreviejagastronomica.com\/hosteleria-por-el-clima-impulsado-por-coca-cola-adhierete\/\"},\"wordCount\":264,\"publisher\":{\"@id\":\"https:\/\/www.torreviejagastronomica.com\/#organization\"},\"image\":{\"@id\":\"https:\/\/www.torreviejagastronomica.com\/hosteleria-por-el-clima-impulsado-por-coca-cola-adhierete\/#primaryimage\"},\"thumbnailUrl\":\"https:\/\/www.torreviejagastronomica.com\/wp-content\/uploads\/2023\/07\/IMAGEN-COCA-COLA.png\",\"keywords\":[\"CAMBIOCLIMATICO\",\"COCACOLA\",\"HOSTELER\u00cdA\"],\"articleSection\":[\"Noticias\"],\"inLanguage\":\"en-GB\"},{\"@type\":\"WebPage\",\"@id\":\"https:\/\/www.torreviejagastronomica.com\/hosteleria-por-el-clima-impulsado-por-coca-cola-adhierete\/\",\"url\":\"https:\/\/www.torreviejagastronomica.com\/hosteleria-por-el-clima-impulsado-por-coca-cola-adhierete\/\",\"name\":\"HOSTELER\u00cdA POR EL CLIMA IMPULSADO POR COCA COLA \u00a1\u00a1ADHI\u00c9RETE!! - Torrevieja Gastron\u00f3mica\",\"isPartOf\":{\"@id\":\"https:\/\/www.torreviejagastronomica.com\/#website\"},\"primaryImageOfPage\":{\"@id\":\"https:\/\/www.torreviejagastronomica.com\/hosteleria-por-el-clima-impulsado-por-coca-cola-adhierete\/#primaryimage\"},\"image\":{\"@id\":\"https:\/\/www.torreviejagastronomica.com\/hosteleria-por-el-clima-impulsado-por-coca-cola-adhierete\/#primaryimage\"},\"thumbnailUrl\":\"https:\/\/www.torreviejagastronomica.com\/wp-content\/uploads\/2023\/07\/IMAGEN-COCA-COLA.png\",\"datePublished\":\"2023-07-19T06:56:57+00:00\",\"breadcrumb\":{\"@id\":\"https:\/\/www.torreviejagastronomica.com\/hosteleria-por-el-clima-impulsado-por-coca-cola-adhierete\/#breadcrumb\"},\"inLanguage\":\"en-GB\",\"potentialAction\":[{\"@type\":\"ReadAction\",\"target\":[\"https:\/\/www.torreviejagastronomica.com\/hosteleria-por-el-clima-impulsado-por-coca-cola-adhierete\/\"]}]},{\"@type\":\"ImageObject\",\"inLanguage\":\"en-GB\",\"@id\":\"https:\/\/www.torreviejagastronomica.com\/hosteleria-por-el-clima-impulsado-por-coca-cola-adhierete\/#primaryimage\",\"url\":\"https:\/\/www.torreviejagastronomica.com\/wp-content\/uploads\/2023\/07\/IMAGEN-COCA-COLA.png\",\"contentUrl\":\"https:\/\/www.torreviejagastronomica.com\/wp-content\/uploads\/2023\/07\/IMAGEN-COCA-COLA.png\",\"width\":584,\"height\":777},{\"@type\":\"BreadcrumbList\",\"@id\":\"https:\/\/www.torreviejagastronomica.com\/hosteleria-por-el-clima-impulsado-por-coca-cola-adhierete\/#breadcrumb\",\"itemListElement\":[{\"@type\":\"ListItem\",\"position\":1,\"name\":\"Portada\",\"item\":\"https:\/\/www.torreviejagastronomica.com\/\"},{\"@type\":\"ListItem\",\"position\":2,\"name\":\"HOSTELER\u00cdA POR EL CLIMA IMPULSADO POR COCA COLA \u00a1\u00a1ADHI\u00c9RETE!!\"}]},{\"@type\":\"WebSite\",\"@id\":\"https:\/\/www.torreviejagastronomica.com\/#website\",\"url\":\"https:\/\/www.torreviejagastronomica.com\/\",\"name\":\"Torrevieja Gastron\u00f3mica\",\"description\":\"Asociaci\u00f3n Hosteler\u00eda Torrevieja y Comarca\",\"publisher\":{\"@id\":\"https:\/\/www.torreviejagastronomica.com\/#organization\"},\"potentialAction\":[{\"@type\":\"SearchAction\",\"target\":{\"@type\":\"EntryPoint\",\"urlTemplate\":\"https:\/\/www.torreviejagastronomica.com\/?s={search_term_string}\"},\"query-input\":{\"@type\":\"PropertyValueSpecification\",\"valueRequired\":true,\"valueName\":\"search_term_string\"}}],\"inLanguage\":\"en-GB\"},{\"@type\":\"Organization\",\"@id\":\"https:\/\/www.torreviejagastronomica.com\/#organization\",\"name\":\"Torrevieja Gastron\u00f3mica\",\"url\":\"https:\/\/www.torreviejagastronomica.com\/\",\"logo\":{\"@type\":\"ImageObject\",\"inLanguage\":\"en-GB\",\"@id\":\"https:\/\/www.torreviejagastronomica.com\/#\/schema\/logo\/image\/\",\"url\":\"https:\/\/www.torreviejagastronomica.com\/wp-content\/uploads\/2023\/09\/Logo-Torrevieja-Gastronomica.png\",\"contentUrl\":\"https:\/\/www.torreviejagastronomica.com\/wp-content\/uploads\/2023\/09\/Logo-Torrevieja-Gastronomica.png\",\"width\":350,\"height\":100,\"caption\":\"Torrevieja Gastron\u00f3mica\"},\"image\":{\"@id\":\"https:\/\/www.torreviejagastronomica.com\/#\/schema\/logo\/image\/\"}},{\"@type\":\"Person\",\"@id\":\"https:\/\/www.torreviejagastronomica.com\/#\/schema\/person\/9e0116f808f941d46f9baadf5335f0a9\",\"name\":\"Asociaci\u00f3n de Empresas de Hosteler\u00eda de Torrevieja y Comarca\",\"image\":{\"@type\":\"ImageObject\",\"inLanguage\":\"en-GB\",\"@id\":\"https:\/\/www.torreviejagastronomica.com\/#\/schema\/person\/image\/\",\"url\":\"https:\/\/secure.gravatar.com\/avatar\/32ba6ba6e685fc061412a65c4a8a8b6caaf6d90d0985a737a4015d36e84d2d1f?s=96&d=mm&r=g\",\"contentUrl\":\"https:\/\/secure.gravatar.com\/avatar\/32ba6ba6e685fc061412a65c4a8a8b6caaf6d90d0985a737a4015d36e84d2d1f?s=96&d=mm&r=g\",\"caption\":\"Asociaci\u00f3n de Empresas de Hosteler\u00eda de Torrevieja y Comarca\"},\"url\":\"https:\/\/www.torreviejagastronomica.com\/en\/author\/hosteleria\/\"}]}<\/script>\n<!-- \/ Yoast SEO plugin. -->","yoast_head_json":{"title":"HOSTELER\u00cdA POR EL CLIMA IMPULSADO POR COCA COLA \u00a1\u00a1ADHI\u00c9RETE!! - Torrevieja Gastron\u00f3mica","robots":{"index":"index","follow":"follow","max-snippet":"max-snippet:-1","max-image-preview":"max-image-preview:large","max-video-preview":"max-video-preview:-1"},"canonical":"https:\/\/www.torreviejagastronomica.com\/en\/hosteleria-por-el-clima-impulsado-por-coca-cola-adhierete\/","og_locale":"en_GB","og_type":"article","og_title":"HOSTELER\u00cdA POR EL CLIMA IMPULSADO POR COCA COLA \u00a1\u00a1ADHI\u00c9RETE!! - Torrevieja Gastron\u00f3mica","og_description":"Haciendo click en&nbsp;este enlace, se encuentra un breve cuestionario de 5 preguntas para realizar la adhesi\u00f3n al proyecto. \u00a1S\u00ed, as\u00ed de f\u00e1cil! Una vez creada la cuenta, cada perfil se puede personalizar:&nbsp;poner las RRSS del establecimiento, geolocalizarte&nbsp;en el mapa, a\u00f1adir fotos en el perfil que sirvan para identificar tu establecimiento, etc.&nbsp; Adem\u00e1s, cuando un establecimiento [&hellip;]","og_url":"https:\/\/www.torreviejagastronomica.com\/en\/hosteleria-por-el-clima-impulsado-por-coca-cola-adhierete\/","og_site_name":"Torrevieja Gastron\u00f3mica","article_published_time":"2023-07-19T06:56:57+00:00","og_image":[{"width":584,"height":777,"url":"https:\/\/www.torreviejagastronomica.com\/wp-content\/uploads\/2023\/07\/IMAGEN-COCA-COLA.png","type":"image\/png"}],"author":"Asociaci\u00f3n de Empresas de Hosteler\u00eda de Torrevieja y Comarca","twitter_card":"summary_large_image","twitter_misc":{"Written by":"Asociaci\u00f3n de Empresas de Hosteler\u00eda de Torrevieja y Comarca","Estimated reading time":"1 minute"},"schema":{"@context":"https:\/\/schema.org","@graph":[{"@type":"Article","@id":"https:\/\/www.torreviejagastronomica.com\/hosteleria-por-el-clima-impulsado-por-coca-cola-adhierete\/#article","isPartOf":{"@id":"https:\/\/www.torreviejagastronomica.com\/hosteleria-por-el-clima-impulsado-por-coca-cola-adhierete\/"},"author":{"name":"Asociaci\u00f3n de Empresas de Hosteler\u00eda de Torrevieja y Comarca","@id":"https:\/\/www.torreviejagastronomica.com\/#\/schema\/person\/9e0116f808f941d46f9baadf5335f0a9"},"headline":"HOSTELER\u00cdA POR EL CLIMA IMPULSADO POR COCA COLA \u00a1\u00a1ADHI\u00c9RETE!!","datePublished":"2023-07-19T06:56:57+00:00","mainEntityOfPage":{"@id":"https:\/\/www.torreviejagastronomica.com\/hosteleria-por-el-clima-impulsado-por-coca-cola-adhierete\/"},"wordCount":264,"publisher":{"@id":"https:\/\/www.torreviejagastronomica.com\/#organization"},"image":{"@id":"https:\/\/www.torreviejagastronomica.com\/hosteleria-por-el-clima-impulsado-por-coca-cola-adhierete\/#primaryimage"},"thumbnailUrl":"https:\/\/www.torreviejagastronomica.com\/wp-content\/uploads\/2023\/07\/IMAGEN-COCA-COLA.png","keywords":["CAMBIOCLIMATICO","COCACOLA","HOSTELER\u00cdA"],"articleSection":["Noticias"],"inLanguage":"en-GB"},{"@type":"WebPage","@id":"https:\/\/www.torreviejagastronomica.com\/hosteleria-por-el-clima-impulsado-por-coca-cola-adhierete\/","url":"https:\/\/www.torreviejagastronomica.com\/hosteleria-por-el-clima-impulsado-por-coca-cola-adhierete\/","name":"HOSTELER\u00cdA POR EL CLIMA IMPULSADO POR COCA COLA \u00a1\u00a1ADHI\u00c9RETE!! - Torrevieja Gastron\u00f3mica","isPartOf":{"@id":"https:\/\/www.torreviejagastronomica.com\/#website"},"primaryImageOfPage":{"@id":"https:\/\/www.torreviejagastronomica.com\/hosteleria-por-el-clima-impulsado-por-coca-cola-adhierete\/#primaryimage"},"image":{"@id":"https:\/\/www.torreviejagastronomica.com\/hosteleria-por-el-clima-impulsado-por-coca-cola-adhierete\/#primaryimage"},"thumbnailUrl":"https:\/\/www.torreviejagastronomica.com\/wp-content\/uploads\/2023\/07\/IMAGEN-COCA-COLA.png","datePublished":"2023-07-19T06:56:57+00:00","breadcrumb":{"@id":"https:\/\/www.torreviejagastronomica.com\/hosteleria-por-el-clima-impulsado-por-coca-cola-adhierete\/#breadcrumb"},"inLanguage":"en-GB","potentialAction":[{"@type":"ReadAction","target":["https:\/\/www.torreviejagastronomica.com\/hosteleria-por-el-clima-impulsado-por-coca-cola-adhierete\/"]}]},{"@type":"ImageObject","inLanguage":"en-GB","@id":"https:\/\/www.torreviejagastronomica.com\/hosteleria-por-el-clima-impulsado-por-coca-cola-adhierete\/#primaryimage","url":"https:\/\/www.torreviejagastronomica.com\/wp-content\/uploads\/2023\/07\/IMAGEN-COCA-COLA.png","contentUrl":"https:\/\/www.torreviejagastronomica.com\/wp-content\/uploads\/2023\/07\/IMAGEN-COCA-COLA.png","width":584,"height":777},{"@type":"BreadcrumbList","@id":"https:\/\/www.torreviejagastronomica.com\/hosteleria-por-el-clima-impulsado-por-coca-cola-adhierete\/#breadcrumb","itemListElement":[{"@type":"ListItem","position":1,"name":"Portada","item":"https:\/\/www.torreviejagastronomica.com\/"},{"@type":"ListItem","position":2,"name":"HOSTELER\u00cdA POR EL CLIMA IMPULSADO POR COCA COLA \u00a1\u00a1ADHI\u00c9RETE!!"}]},{"@type":"WebSite","@id":"https:\/\/www.torreviejagastronomica.com\/#website","url":"https:\/\/www.torreviejagastronomica.com\/","name":"Torrevieja Gastron\u00f3mica","description":"Asociaci\u00f3n Hosteler\u00eda Torrevieja y Comarca","publisher":{"@id":"https:\/\/www.torreviejagastronomica.com\/#organization"},"potentialAction":[{"@type":"SearchAction","target":{"@type":"EntryPoint","urlTemplate":"https:\/\/www.torreviejagastronomica.com\/?s={search_term_string}"},"query-input":{"@type":"PropertyValueSpecification","valueRequired":true,"valueName":"search_term_string"}}],"inLanguage":"en-GB"},{"@type":"Organization","@id":"https:\/\/www.torreviejagastronomica.com\/#organization","name":"Torrevieja Gastron\u00f3mica","url":"https:\/\/www.torreviejagastronomica.com\/","logo":{"@type":"ImageObject","inLanguage":"en-GB","@id":"https:\/\/www.torreviejagastronomica.com\/#\/schema\/logo\/image\/","url":"https:\/\/www.torreviejagastronomica.com\/wp-content\/uploads\/2023\/09\/Logo-Torrevieja-Gastronomica.png","contentUrl":"https:\/\/www.torreviejagastronomica.com\/wp-content\/uploads\/2023\/09\/Logo-Torrevieja-Gastronomica.png","width":350,"height":100,"caption":"Torrevieja Gastron\u00f3mica"},"image":{"@id":"https:\/\/www.torreviejagastronomica.com\/#\/schema\/logo\/image\/"}},{"@type":"Person","@id":"https:\/\/www.torreviejagastronomica.com\/#\/schema\/person\/9e0116f808f941d46f9baadf5335f0a9","name":"Asociaci\u00f3n de Empresas de Hosteler\u00eda de Torrevieja y Comarca","image":{"@type":"ImageObject","inLanguage":"en-GB","@id":"https:\/\/www.torreviejagastronomica.com\/#\/schema\/person\/image\/","url":"https:\/\/secure.gravatar.com\/avatar\/32ba6ba6e685fc061412a65c4a8a8b6caaf6d90d0985a737a4015d36e84d2d1f?s=96&d=mm&r=g","contentUrl":"https:\/\/secure.gravatar.com\/avatar\/32ba6ba6e685fc061412a65c4a8a8b6caaf6d90d0985a737a4015d36e84d2d1f?s=96&d=mm&r=g","caption":"Asociaci\u00f3n de Empresas de Hosteler\u00eda de Torrevieja y Comarca"},"url":"https:\/\/www.torreviejagastronomica.com\/en\/author\/hosteleria\/"}]}},"_links":{"self":[{"href":"https:\/\/www.torreviejagastronomica.com\/en\/wp-json\/wp\/v2\/posts\/3467","targetHints":{"allow":["GET"]}}],"collection":[{"href":"https:\/\/www.torreviejagastronomica.com\/en\/wp-json\/wp\/v2\/posts"}],"about":[{"href":"https:\/\/www.torreviejagastronomica.com\/en\/wp-json\/wp\/v2\/types\/post"}],"author":[{"embeddable":true,"href":"https:\/\/www.torreviejagastronomica.com\/en\/wp-json\/wp\/v2\/users\/4"}],"replies":[{"embeddable":true,"href":"https:\/\/www.torreviejagastronomica.com\/en\/wp-json\/wp\/v2\/comments?post=3467"}],"version-history":[{"count":0,"href":"https:\/\/www.torreviejagastronomica.com\/en\/wp-json\/wp\/v2\/posts\/3467\/revisions"}],"wp:featuredmedia":[{"embeddable":true,"href":"https:\/\/www.torreviejagastronomica.com\/en\/wp-json\/wp\/v2\/media\/3468"}],"wp:attachment":[{"href":"https:\/\/www.torreviejagastronomica.com\/en\/wp-json\/wp\/v2\/media?parent=3467"}],"wp:term":[{"taxonomy":"category","embeddable":true,"href":"https:\/\/www.torreviejagastronomica.com\/en\/wp-json\/wp\/v2\/categories?post=3467"},{"taxonomy":"post_tag","embeddable":true,"href":"https:\/\/www.torreviejagastronomica.com\/en\/wp-json\/wp\/v2\/tags?post=3467"}],"curies":[{"name":"wp","href":"https:\/\/api.w.org\/{rel}","templated":true}]}}