{"id":3453,"date":"2023-07-06T13:40:17","date_gmt":"2023-07-06T13:40:17","guid":{"rendered":"https:\/\/www.torreviejagastronomica.com\/?p=3453"},"modified":"2023-07-06T13:40:17","modified_gmt":"2023-07-06T13:40:17","slug":"abierto-el-plazo-de-inscripcion-para-participar-en-el-viii-festival-gastrocultural-de-la-vega-baja-gastrovegabaja2023","status":"publish","type":"post","link":"https:\/\/www.torreviejagastronomica.com\/en\/abierto-el-plazo-de-inscripcion-para-participar-en-el-viii-festival-gastrocultural-de-la-vega-baja-gastrovegabaja2023\/","title":{"rendered":"REGISTRATION PERIOD OPEN FOR PARTICIPATION IN THE VIII GASTROCULTURAL FESTIVAL OF THE VEGA BAJA \"GASTROVEGABAJA \"2023"},"content":{"rendered":"<p>One more year <strong>Turisme Comunitat Valenciana<\/strong> collaborates with the Association of Hotel and Catering Businesses of Torrevieja and Region, to carry out promotion and marketing actions of the hotel and catering offer of Torrevieja during the year 2023.<\/p>\n\n\n\n<p>Turisme Comunitat Valenciana and L'Exquisit Mediterrani have once again placed their trust in the AEHTC to organise a new edition of GASTROVEGABAJA.<\/p>\n\n\n\n<p>For this reason, after the meeting of the Board of Directors of the Association of Hotel and Catering Businesses of Torrevieja and Region, held last Friday, June 30, 2023, the rules of participation for the <strong>VIII GASTROCULTURAL FESTIVAL OF VEGABABAJA \"GASTROVEGABAJA\" 2023<\/strong> which will take place from Friday 20 to Sunday 22 October 2023 in the Antonio Soria Park.<\/p>\n\n\n\n<p>This edition will be held in a 1000 m2 marquee plus adjacent spaces for the development of the different activities that will be programmed during the celebration of the event.<\/p>\n\n\n\n<p>DOWNLOAD THE <strong>DOSIER<\/strong> WITH ALL THE INFORMATION&nbsp;<a href=\"https:\/\/drive.google.com\/file\/d\/1CwRVBxKhsFiYo5_K_T9gtVvHkG-ytszl\/view?usp=sharing\">https:\/\/drive.google.com\/file\/d\/1CwRVBxKhsFiYo5_K_T9gtVvHkG-ytszl\/view?usp=sharing<\/a><\/p>\n\n\n\n<p>DOWNLOAD REGISTRATION FORM&nbsp;<a href=\"https:\/\/docs.google.com\/document\/d\/1y10oT7iV3bUXAunVtdaRKCDBlgzzmLL6\/edit?usp=sharing&amp;ouid=117860577025744612167&amp;rtpof=true&amp;sd=true\">https:\/\/docs.google.com\/document\/d\/1y10oT7iV3bUXAunVtdaRKCDBlgzzmLL6\/edit?usp=sharing&amp;ouid=117860577025744612167&amp;rtpof=true&amp;sd=true<\/a><\/p>","protected":false},"excerpt":{"rendered":"<p>One more year Turisme Comunitat Valenciana collaborates with the Association of Hotel and Catering Businesses of Torrevieja and Region, to carry out promotional and marketing actions of the hotel and catering offer of Torrevieja during the year 2023. Turisme Comunitat Valenciana and L'Exquisit Mediterrani have once again placed their trust in the AEHTC [...]<\/p>","protected":false},"author":4,"featured_media":3454,"comment_status":"closed","ping_status":"open","sticky":true,"template":"","format":"standard","meta":{"footnotes":""},"categories":[7],"tags":[23,26],"class_list":["post-3453","post","type-post","status-publish","format-standard","has-post-thumbnail","hentry","category-noticias","tag-asociacion-hosteleria","tag-torrevieja"],"yoast_head":"<!-- This site is optimized with the Yoast SEO plugin v25.7 - https:\/\/yoast.com\/wordpress\/plugins\/seo\/ -->\n<title>ABIERTO EL PLAZO DE INSCRIPCI\u00d3N PARA PARTICIPAR EN EL VIII FESTIVAL GASTROCULTURAL DE LA VEGA BAJA \u201cGASTROVEGABAJA\u201d2023 - Torrevieja Gastron\u00f3mica<\/title>\n<meta name=\"robots\" content=\"index, follow, max-snippet:-1, max-image-preview:large, max-video-preview:-1\" \/>\n<link rel=\"canonical\" href=\"https:\/\/www.torreviejagastronomica.com\/en\/abierto-el-plazo-de-inscripcion-para-participar-en-el-viii-festival-gastrocultural-de-la-vega-baja-gastrovegabaja2023\/\" \/>\n<meta property=\"og:locale\" content=\"en_GB\" \/>\n<meta property=\"og:type\" content=\"article\" \/>\n<meta property=\"og:title\" content=\"ABIERTO EL PLAZO DE INSCRIPCI\u00d3N PARA PARTICIPAR EN EL VIII FESTIVAL GASTROCULTURAL DE LA VEGA BAJA \u201cGASTROVEGABAJA\u201d2023 - Torrevieja Gastron\u00f3mica\" \/>\n<meta property=\"og:description\" content=\"Un a\u00f1o m\u00e1s Turisme Comunitat Valenciana colabora con la Asociaci\u00f3n de Empresas de Hosteler\u00eda de Torrevieja y Comarca, para la realizaci\u00f3n de acciones de promoci\u00f3n y marketing de la oferta de hosteler\u00eda y restauraci\u00f3n de Torrevieja durante el a\u00f1o 2023. Turisme Comunitat Valenciana y L\u2019Exquisit Mediterrani han vuelto a dar la confianza a la AEHTC [&hellip;]\" \/>\n<meta property=\"og:url\" content=\"https:\/\/www.torreviejagastronomica.com\/en\/abierto-el-plazo-de-inscripcion-para-participar-en-el-viii-festival-gastrocultural-de-la-vega-baja-gastrovegabaja2023\/\" \/>\n<meta property=\"og:site_name\" content=\"Torrevieja Gastron\u00f3mica\" \/>\n<meta property=\"article:published_time\" content=\"2023-07-06T13:40:17+00:00\" \/>\n<meta property=\"og:image\" content=\"https:\/\/www.torreviejagastronomica.com\/wp-content\/uploads\/2023\/07\/PROPUESTA-CARTEL-GASTROVEGABAJA-2023.jpg\" \/>\n\t<meta property=\"og:image:width\" content=\"659\" \/>\n\t<meta property=\"og:image:height\" content=\"936\" \/>\n\t<meta property=\"og:image:type\" content=\"image\/jpeg\" \/>\n<meta name=\"author\" content=\"Asociaci\u00f3n de Empresas de Hosteler\u00eda de Torrevieja y Comarca\" \/>\n<meta name=\"twitter:card\" content=\"summary_large_image\" \/>\n<meta name=\"twitter:label1\" content=\"Written by\" \/>\n\t<meta name=\"twitter:data1\" content=\"Asociaci\u00f3n de Empresas de Hosteler\u00eda de Torrevieja y Comarca\" \/>\n\t<meta name=\"twitter:label2\" content=\"Estimated reading time\" \/>\n\t<meta name=\"twitter:data2\" content=\"1 minute\" \/>\n<script type=\"application\/ld+json\" class=\"yoast-schema-graph\">{\"@context\":\"https:\/\/schema.org\",\"@graph\":[{\"@type\":\"Article\",\"@id\":\"https:\/\/www.torreviejagastronomica.com\/abierto-el-plazo-de-inscripcion-para-participar-en-el-viii-festival-gastrocultural-de-la-vega-baja-gastrovegabaja2023\/#article\",\"isPartOf\":{\"@id\":\"https:\/\/www.torreviejagastronomica.com\/abierto-el-plazo-de-inscripcion-para-participar-en-el-viii-festival-gastrocultural-de-la-vega-baja-gastrovegabaja2023\/\"},\"author\":{\"name\":\"Asociaci\u00f3n de Empresas de Hosteler\u00eda de Torrevieja y Comarca\",\"@id\":\"https:\/\/www.torreviejagastronomica.com\/#\/schema\/person\/9e0116f808f941d46f9baadf5335f0a9\"},\"headline\":\"ABIERTO EL PLAZO DE INSCRIPCI\u00d3N PARA PARTICIPAR EN EL VIII FESTIVAL GASTROCULTURAL DE LA VEGA BAJA \u201cGASTROVEGABAJA\u201d2023\",\"datePublished\":\"2023-07-06T13:40:17+00:00\",\"mainEntityOfPage\":{\"@id\":\"https:\/\/www.torreviejagastronomica.com\/abierto-el-plazo-de-inscripcion-para-participar-en-el-viii-festival-gastrocultural-de-la-vega-baja-gastrovegabaja2023\/\"},\"wordCount\":243,\"publisher\":{\"@id\":\"https:\/\/www.torreviejagastronomica.com\/#organization\"},\"image\":{\"@id\":\"https:\/\/www.torreviejagastronomica.com\/abierto-el-plazo-de-inscripcion-para-participar-en-el-viii-festival-gastrocultural-de-la-vega-baja-gastrovegabaja2023\/#primaryimage\"},\"thumbnailUrl\":\"https:\/\/www.torreviejagastronomica.com\/wp-content\/uploads\/2023\/07\/PROPUESTA-CARTEL-GASTROVEGABAJA-2023.jpg\",\"keywords\":[\"asociaci\u00f3n hosteler\u00eda\",\"torrevieja\"],\"articleSection\":[\"Noticias\"],\"inLanguage\":\"en-GB\"},{\"@type\":\"WebPage\",\"@id\":\"https:\/\/www.torreviejagastronomica.com\/abierto-el-plazo-de-inscripcion-para-participar-en-el-viii-festival-gastrocultural-de-la-vega-baja-gastrovegabaja2023\/\",\"url\":\"https:\/\/www.torreviejagastronomica.com\/abierto-el-plazo-de-inscripcion-para-participar-en-el-viii-festival-gastrocultural-de-la-vega-baja-gastrovegabaja2023\/\",\"name\":\"ABIERTO EL PLAZO DE INSCRIPCI\u00d3N PARA PARTICIPAR EN EL VIII FESTIVAL GASTROCULTURAL DE LA VEGA BAJA \u201cGASTROVEGABAJA\u201d2023 - Torrevieja Gastron\u00f3mica\",\"isPartOf\":{\"@id\":\"https:\/\/www.torreviejagastronomica.com\/#website\"},\"primaryImageOfPage\":{\"@id\":\"https:\/\/www.torreviejagastronomica.com\/abierto-el-plazo-de-inscripcion-para-participar-en-el-viii-festival-gastrocultural-de-la-vega-baja-gastrovegabaja2023\/#primaryimage\"},\"image\":{\"@id\":\"https:\/\/www.torreviejagastronomica.com\/abierto-el-plazo-de-inscripcion-para-participar-en-el-viii-festival-gastrocultural-de-la-vega-baja-gastrovegabaja2023\/#primaryimage\"},\"thumbnailUrl\":\"https:\/\/www.torreviejagastronomica.com\/wp-content\/uploads\/2023\/07\/PROPUESTA-CARTEL-GASTROVEGABAJA-2023.jpg\",\"datePublished\":\"2023-07-06T13:40:17+00:00\",\"breadcrumb\":{\"@id\":\"https:\/\/www.torreviejagastronomica.com\/abierto-el-plazo-de-inscripcion-para-participar-en-el-viii-festival-gastrocultural-de-la-vega-baja-gastrovegabaja2023\/#breadcrumb\"},\"inLanguage\":\"en-GB\",\"potentialAction\":[{\"@type\":\"ReadAction\",\"target\":[\"https:\/\/www.torreviejagastronomica.com\/abierto-el-plazo-de-inscripcion-para-participar-en-el-viii-festival-gastrocultural-de-la-vega-baja-gastrovegabaja2023\/\"]}]},{\"@type\":\"ImageObject\",\"inLanguage\":\"en-GB\",\"@id\":\"https:\/\/www.torreviejagastronomica.com\/abierto-el-plazo-de-inscripcion-para-participar-en-el-viii-festival-gastrocultural-de-la-vega-baja-gastrovegabaja2023\/#primaryimage\",\"url\":\"https:\/\/www.torreviejagastronomica.com\/wp-content\/uploads\/2023\/07\/PROPUESTA-CARTEL-GASTROVEGABAJA-2023.jpg\",\"contentUrl\":\"https:\/\/www.torreviejagastronomica.com\/wp-content\/uploads\/2023\/07\/PROPUESTA-CARTEL-GASTROVEGABAJA-2023.jpg\",\"width\":659,\"height\":936},{\"@type\":\"BreadcrumbList\",\"@id\":\"https:\/\/www.torreviejagastronomica.com\/abierto-el-plazo-de-inscripcion-para-participar-en-el-viii-festival-gastrocultural-de-la-vega-baja-gastrovegabaja2023\/#breadcrumb\",\"itemListElement\":[{\"@type\":\"ListItem\",\"position\":1,\"name\":\"Portada\",\"item\":\"https:\/\/www.torreviejagastronomica.com\/\"},{\"@type\":\"ListItem\",\"position\":2,\"name\":\"ABIERTO EL PLAZO DE INSCRIPCI\u00d3N PARA PARTICIPAR EN EL VIII FESTIVAL GASTROCULTURAL DE LA VEGA BAJA \u201cGASTROVEGABAJA\u201d2023\"}]},{\"@type\":\"WebSite\",\"@id\":\"https:\/\/www.torreviejagastronomica.com\/#website\",\"url\":\"https:\/\/www.torreviejagastronomica.com\/\",\"name\":\"Torrevieja Gastron\u00f3mica\",\"description\":\"Asociaci\u00f3n Hosteler\u00eda Torrevieja y Comarca\",\"publisher\":{\"@id\":\"https:\/\/www.torreviejagastronomica.com\/#organization\"},\"potentialAction\":[{\"@type\":\"SearchAction\",\"target\":{\"@type\":\"EntryPoint\",\"urlTemplate\":\"https:\/\/www.torreviejagastronomica.com\/?s={search_term_string}\"},\"query-input\":{\"@type\":\"PropertyValueSpecification\",\"valueRequired\":true,\"valueName\":\"search_term_string\"}}],\"inLanguage\":\"en-GB\"},{\"@type\":\"Organization\",\"@id\":\"https:\/\/www.torreviejagastronomica.com\/#organization\",\"name\":\"Torrevieja Gastron\u00f3mica\",\"url\":\"https:\/\/www.torreviejagastronomica.com\/\",\"logo\":{\"@type\":\"ImageObject\",\"inLanguage\":\"en-GB\",\"@id\":\"https:\/\/www.torreviejagastronomica.com\/#\/schema\/logo\/image\/\",\"url\":\"https:\/\/www.torreviejagastronomica.com\/wp-content\/uploads\/2023\/09\/Logo-Torrevieja-Gastronomica.png\",\"contentUrl\":\"https:\/\/www.torreviejagastronomica.com\/wp-content\/uploads\/2023\/09\/Logo-Torrevieja-Gastronomica.png\",\"width\":350,\"height\":100,\"caption\":\"Torrevieja Gastron\u00f3mica\"},\"image\":{\"@id\":\"https:\/\/www.torreviejagastronomica.com\/#\/schema\/logo\/image\/\"}},{\"@type\":\"Person\",\"@id\":\"https:\/\/www.torreviejagastronomica.com\/#\/schema\/person\/9e0116f808f941d46f9baadf5335f0a9\",\"name\":\"Asociaci\u00f3n de Empresas de Hosteler\u00eda de Torrevieja y Comarca\",\"image\":{\"@type\":\"ImageObject\",\"inLanguage\":\"en-GB\",\"@id\":\"https:\/\/www.torreviejagastronomica.com\/#\/schema\/person\/image\/\",\"url\":\"https:\/\/secure.gravatar.com\/avatar\/32ba6ba6e685fc061412a65c4a8a8b6caaf6d90d0985a737a4015d36e84d2d1f?s=96&d=mm&r=g\",\"contentUrl\":\"https:\/\/secure.gravatar.com\/avatar\/32ba6ba6e685fc061412a65c4a8a8b6caaf6d90d0985a737a4015d36e84d2d1f?s=96&d=mm&r=g\",\"caption\":\"Asociaci\u00f3n de Empresas de Hosteler\u00eda de Torrevieja y Comarca\"},\"url\":\"https:\/\/www.torreviejagastronomica.com\/en\/author\/hosteleria\/\"}]}<\/script>\n<!-- \/ Yoast SEO plugin. -->","yoast_head_json":{"title":"ABIERTO EL PLAZO DE INSCRIPCI\u00d3N PARA PARTICIPAR EN EL VIII FESTIVAL GASTROCULTURAL DE LA VEGA BAJA \u201cGASTROVEGABAJA\u201d2023 - Torrevieja Gastron\u00f3mica","robots":{"index":"index","follow":"follow","max-snippet":"max-snippet:-1","max-image-preview":"max-image-preview:large","max-video-preview":"max-video-preview:-1"},"canonical":"https:\/\/www.torreviejagastronomica.com\/en\/abierto-el-plazo-de-inscripcion-para-participar-en-el-viii-festival-gastrocultural-de-la-vega-baja-gastrovegabaja2023\/","og_locale":"en_GB","og_type":"article","og_title":"ABIERTO EL PLAZO DE INSCRIPCI\u00d3N PARA PARTICIPAR EN EL VIII FESTIVAL GASTROCULTURAL DE LA VEGA BAJA \u201cGASTROVEGABAJA\u201d2023 - Torrevieja Gastron\u00f3mica","og_description":"Un a\u00f1o m\u00e1s Turisme Comunitat Valenciana colabora con la Asociaci\u00f3n de Empresas de Hosteler\u00eda de Torrevieja y Comarca, para la realizaci\u00f3n de acciones de promoci\u00f3n y marketing de la oferta de hosteler\u00eda y restauraci\u00f3n de Torrevieja durante el a\u00f1o 2023. Turisme Comunitat Valenciana y L\u2019Exquisit Mediterrani han vuelto a dar la confianza a la AEHTC [&hellip;]","og_url":"https:\/\/www.torreviejagastronomica.com\/en\/abierto-el-plazo-de-inscripcion-para-participar-en-el-viii-festival-gastrocultural-de-la-vega-baja-gastrovegabaja2023\/","og_site_name":"Torrevieja Gastron\u00f3mica","article_published_time":"2023-07-06T13:40:17+00:00","og_image":[{"width":659,"height":936,"url":"https:\/\/www.torreviejagastronomica.com\/wp-content\/uploads\/2023\/07\/PROPUESTA-CARTEL-GASTROVEGABAJA-2023.jpg","type":"image\/jpeg"}],"author":"Asociaci\u00f3n de Empresas de Hosteler\u00eda de Torrevieja y Comarca","twitter_card":"summary_large_image","twitter_misc":{"Written by":"Asociaci\u00f3n de Empresas de Hosteler\u00eda de Torrevieja y Comarca","Estimated reading time":"1 minute"},"schema":{"@context":"https:\/\/schema.org","@graph":[{"@type":"Article","@id":"https:\/\/www.torreviejagastronomica.com\/abierto-el-plazo-de-inscripcion-para-participar-en-el-viii-festival-gastrocultural-de-la-vega-baja-gastrovegabaja2023\/#article","isPartOf":{"@id":"https:\/\/www.torreviejagastronomica.com\/abierto-el-plazo-de-inscripcion-para-participar-en-el-viii-festival-gastrocultural-de-la-vega-baja-gastrovegabaja2023\/"},"author":{"name":"Asociaci\u00f3n de Empresas de Hosteler\u00eda de Torrevieja y Comarca","@id":"https:\/\/www.torreviejagastronomica.com\/#\/schema\/person\/9e0116f808f941d46f9baadf5335f0a9"},"headline":"ABIERTO EL PLAZO DE INSCRIPCI\u00d3N PARA PARTICIPAR EN EL VIII FESTIVAL GASTROCULTURAL DE LA VEGA BAJA \u201cGASTROVEGABAJA\u201d2023","datePublished":"2023-07-06T13:40:17+00:00","mainEntityOfPage":{"@id":"https:\/\/www.torreviejagastronomica.com\/abierto-el-plazo-de-inscripcion-para-participar-en-el-viii-festival-gastrocultural-de-la-vega-baja-gastrovegabaja2023\/"},"wordCount":243,"publisher":{"@id":"https:\/\/www.torreviejagastronomica.com\/#organization"},"image":{"@id":"https:\/\/www.torreviejagastronomica.com\/abierto-el-plazo-de-inscripcion-para-participar-en-el-viii-festival-gastrocultural-de-la-vega-baja-gastrovegabaja2023\/#primaryimage"},"thumbnailUrl":"https:\/\/www.torreviejagastronomica.com\/wp-content\/uploads\/2023\/07\/PROPUESTA-CARTEL-GASTROVEGABAJA-2023.jpg","keywords":["asociaci\u00f3n hosteler\u00eda","torrevieja"],"articleSection":["Noticias"],"inLanguage":"en-GB"},{"@type":"WebPage","@id":"https:\/\/www.torreviejagastronomica.com\/abierto-el-plazo-de-inscripcion-para-participar-en-el-viii-festival-gastrocultural-de-la-vega-baja-gastrovegabaja2023\/","url":"https:\/\/www.torreviejagastronomica.com\/abierto-el-plazo-de-inscripcion-para-participar-en-el-viii-festival-gastrocultural-de-la-vega-baja-gastrovegabaja2023\/","name":"ABIERTO EL PLAZO DE INSCRIPCI\u00d3N PARA PARTICIPAR EN EL VIII FESTIVAL GASTROCULTURAL DE LA VEGA BAJA \u201cGASTROVEGABAJA\u201d2023 - Torrevieja Gastron\u00f3mica","isPartOf":{"@id":"https:\/\/www.torreviejagastronomica.com\/#website"},"primaryImageOfPage":{"@id":"https:\/\/www.torreviejagastronomica.com\/abierto-el-plazo-de-inscripcion-para-participar-en-el-viii-festival-gastrocultural-de-la-vega-baja-gastrovegabaja2023\/#primaryimage"},"image":{"@id":"https:\/\/www.torreviejagastronomica.com\/abierto-el-plazo-de-inscripcion-para-participar-en-el-viii-festival-gastrocultural-de-la-vega-baja-gastrovegabaja2023\/#primaryimage"},"thumbnailUrl":"https:\/\/www.torreviejagastronomica.com\/wp-content\/uploads\/2023\/07\/PROPUESTA-CARTEL-GASTROVEGABAJA-2023.jpg","datePublished":"2023-07-06T13:40:17+00:00","breadcrumb":{"@id":"https:\/\/www.torreviejagastronomica.com\/abierto-el-plazo-de-inscripcion-para-participar-en-el-viii-festival-gastrocultural-de-la-vega-baja-gastrovegabaja2023\/#breadcrumb"},"inLanguage":"en-GB","potentialAction":[{"@type":"ReadAction","target":["https:\/\/www.torreviejagastronomica.com\/abierto-el-plazo-de-inscripcion-para-participar-en-el-viii-festival-gastrocultural-de-la-vega-baja-gastrovegabaja2023\/"]}]},{"@type":"ImageObject","inLanguage":"en-GB","@id":"https:\/\/www.torreviejagastronomica.com\/abierto-el-plazo-de-inscripcion-para-participar-en-el-viii-festival-gastrocultural-de-la-vega-baja-gastrovegabaja2023\/#primaryimage","url":"https:\/\/www.torreviejagastronomica.com\/wp-content\/uploads\/2023\/07\/PROPUESTA-CARTEL-GASTROVEGABAJA-2023.jpg","contentUrl":"https:\/\/www.torreviejagastronomica.com\/wp-content\/uploads\/2023\/07\/PROPUESTA-CARTEL-GASTROVEGABAJA-2023.jpg","width":659,"height":936},{"@type":"BreadcrumbList","@id":"https:\/\/www.torreviejagastronomica.com\/abierto-el-plazo-de-inscripcion-para-participar-en-el-viii-festival-gastrocultural-de-la-vega-baja-gastrovegabaja2023\/#breadcrumb","itemListElement":[{"@type":"ListItem","position":1,"name":"Portada","item":"https:\/\/www.torreviejagastronomica.com\/"},{"@type":"ListItem","position":2,"name":"ABIERTO EL PLAZO DE INSCRIPCI\u00d3N PARA PARTICIPAR EN EL VIII FESTIVAL GASTROCULTURAL DE LA VEGA BAJA \u201cGASTROVEGABAJA\u201d2023"}]},{"@type":"WebSite","@id":"https:\/\/www.torreviejagastronomica.com\/#website","url":"https:\/\/www.torreviejagastronomica.com\/","name":"Torrevieja Gastron\u00f3mica","description":"Asociaci\u00f3n Hosteler\u00eda Torrevieja y Comarca","publisher":{"@id":"https:\/\/www.torreviejagastronomica.com\/#organization"},"potentialAction":[{"@type":"SearchAction","target":{"@type":"EntryPoint","urlTemplate":"https:\/\/www.torreviejagastronomica.com\/?s={search_term_string}"},"query-input":{"@type":"PropertyValueSpecification","valueRequired":true,"valueName":"search_term_string"}}],"inLanguage":"en-GB"},{"@type":"Organization","@id":"https:\/\/www.torreviejagastronomica.com\/#organization","name":"Torrevieja Gastron\u00f3mica","url":"https:\/\/www.torreviejagastronomica.com\/","logo":{"@type":"ImageObject","inLanguage":"en-GB","@id":"https:\/\/www.torreviejagastronomica.com\/#\/schema\/logo\/image\/","url":"https:\/\/www.torreviejagastronomica.com\/wp-content\/uploads\/2023\/09\/Logo-Torrevieja-Gastronomica.png","contentUrl":"https:\/\/www.torreviejagastronomica.com\/wp-content\/uploads\/2023\/09\/Logo-Torrevieja-Gastronomica.png","width":350,"height":100,"caption":"Torrevieja Gastron\u00f3mica"},"image":{"@id":"https:\/\/www.torreviejagastronomica.com\/#\/schema\/logo\/image\/"}},{"@type":"Person","@id":"https:\/\/www.torreviejagastronomica.com\/#\/schema\/person\/9e0116f808f941d46f9baadf5335f0a9","name":"Asociaci\u00f3n de Empresas de Hosteler\u00eda de Torrevieja y Comarca","image":{"@type":"ImageObject","inLanguage":"en-GB","@id":"https:\/\/www.torreviejagastronomica.com\/#\/schema\/person\/image\/","url":"https:\/\/secure.gravatar.com\/avatar\/32ba6ba6e685fc061412a65c4a8a8b6caaf6d90d0985a737a4015d36e84d2d1f?s=96&d=mm&r=g","contentUrl":"https:\/\/secure.gravatar.com\/avatar\/32ba6ba6e685fc061412a65c4a8a8b6caaf6d90d0985a737a4015d36e84d2d1f?s=96&d=mm&r=g","caption":"Asociaci\u00f3n de Empresas de Hosteler\u00eda de Torrevieja y Comarca"},"url":"https:\/\/www.torreviejagastronomica.com\/en\/author\/hosteleria\/"}]}},"_links":{"self":[{"href":"https:\/\/www.torreviejagastronomica.com\/en\/wp-json\/wp\/v2\/posts\/3453","targetHints":{"allow":["GET"]}}],"collection":[{"href":"https:\/\/www.torreviejagastronomica.com\/en\/wp-json\/wp\/v2\/posts"}],"about":[{"href":"https:\/\/www.torreviejagastronomica.com\/en\/wp-json\/wp\/v2\/types\/post"}],"author":[{"embeddable":true,"href":"https:\/\/www.torreviejagastronomica.com\/en\/wp-json\/wp\/v2\/users\/4"}],"replies":[{"embeddable":true,"href":"https:\/\/www.torreviejagastronomica.com\/en\/wp-json\/wp\/v2\/comments?post=3453"}],"version-history":[{"count":0,"href":"https:\/\/www.torreviejagastronomica.com\/en\/wp-json\/wp\/v2\/posts\/3453\/revisions"}],"wp:featuredmedia":[{"embeddable":true,"href":"https:\/\/www.torreviejagastronomica.com\/en\/wp-json\/wp\/v2\/media\/3454"}],"wp:attachment":[{"href":"https:\/\/www.torreviejagastronomica.com\/en\/wp-json\/wp\/v2\/media?parent=3453"}],"wp:term":[{"taxonomy":"category","embeddable":true,"href":"https:\/\/www.torreviejagastronomica.com\/en\/wp-json\/wp\/v2\/categories?post=3453"},{"taxonomy":"post_tag","embeddable":true,"href":"https:\/\/www.torreviejagastronomica.com\/en\/wp-json\/wp\/v2\/tags?post=3453"}],"curies":[{"name":"wp","href":"https:\/\/api.w.org\/{rel}","templated":true}]}}