{"id":338,"date":"2012-06-04T07:43:28","date_gmt":"2012-06-04T07:43:28","guid":{"rendered":"http:\/\/www.torreviejagastronomica.com\/?p=317"},"modified":"2012-06-04T07:43:28","modified_gmt":"2012-06-04T07:43:28","slug":"diez-prestigiosos-restaurantes-participan-en-las-jornadas-gastronomicas-2012","status":"publish","type":"post","link":"https:\/\/www.torreviejagastronomica.com\/en\/diez-prestigiosos-restaurantes-participan-en-las-jornadas-gastronomicas-2012\/","title":{"rendered":"Ten prestigious restaurants participate in the Gastronomic Days 2012"},"content":{"rendered":"<p><em>Source: \"<a title=\"diarioinformacion.es\" href=\"http:\/\/ocio.diarioinformacion.com\/hosteleria\/noticias\/nws-84100-diez-prestigiosos-restaurantes-participan-jornadas-gastronomicas.html\" target=\"_blank\" rel=\"noopener\">diarioinformacion.es<\/a>\"<\/em><\/p>\n<p><strong>Diners will be able to enjoy menus at a single cost of 50 euros, a much lower price than usual.<\/strong><\/p>\n<p>Ten of the city's most prestigious restaurants in the city of <b>Torrevieja<\/b> participate this year in the <b>Gastronomic Days \"Torrevieja and the sea<\/b>\"which will be held between <b>11 and 15 June, 18 and 22 June<\/b>The menus will be offered to diners at a single cost of 50 euros.<\/p>\n<p>Among them are the restaurants <b>Las Villas<\/b>, <b>Caruso<\/b>, <b>Mes\u00f3n de la Costa, El Pescador, Mes\u00f3n Las Jarras, Rinc\u00f3n de Capis, Catalina II Restaurant, El Puerto Restaurant, Mes\u00f3n el Huertano and Barlovento Restaurant.<\/b>. The Mayor of Torrevieja, <b>Eduardo Dol\u00f3n<\/b>He expressed his conviction that the event \"will be a complete success, as it is a wonderful opportunity to sample the gastronomic excellence of the local catering industry at prices well below the usual ones\".<\/p>","protected":false},"excerpt":{"rendered":"<p>Source: \"diarioinformacion.es\" Diners will be able to enjoy menus at a single cost of 50 euros, a much lower price than usual Ten of the most prestigious restaurants in the city of Torrevieja participate this year in the Gastronomic Days \"Torrevieja and the sea\", which will be held between 11 and 15 June, and 18 June, in a [...]<\/p>","protected":false},"author":3,"featured_media":353,"comment_status":"closed","ping_status":"open","sticky":false,"template":"","format":"standard","meta":{"footnotes":""},"categories":[24,8,7],"tags":[34,35,36,37,38,39,40,41,31,32,26],"class_list":["post-338","post","type-post","status-publish","format-standard","has-post-thumbnail","hentry","category-bares-y-restaurantes","category-eventos","category-noticias","tag-barlovento","tag-catalina","tag-el-huertano","tag-el-pescador","tag-el-puerto","tag-jornadas-gastronomicas","tag-las-jarras","tag-las-villas","tag-meson-de-la-costa","tag-rincon-de-capis","tag-torrevieja"],"yoast_head":"<!-- This site is optimized with the Yoast SEO plugin v25.7 - https:\/\/yoast.com\/wordpress\/plugins\/seo\/ -->\n<title>Diez prestigiosos restaurantes participan en las Jornadas Gastron\u00f3micas 2012 - Torrevieja Gastron\u00f3mica<\/title>\n<meta name=\"robots\" content=\"index, follow, max-snippet:-1, max-image-preview:large, max-video-preview:-1\" \/>\n<link rel=\"canonical\" href=\"https:\/\/www.torreviejagastronomica.com\/en\/diez-prestigiosos-restaurantes-participan-en-las-jornadas-gastronomicas-2012\/\" \/>\n<meta property=\"og:locale\" content=\"en_GB\" \/>\n<meta property=\"og:type\" content=\"article\" \/>\n<meta property=\"og:title\" content=\"Diez prestigiosos restaurantes participan en las Jornadas Gastron\u00f3micas 2012 - Torrevieja Gastron\u00f3mica\" \/>\n<meta property=\"og:description\" content=\"Fuente: \u00abdiarioinformacion.es\u00ab Los comensales podr\u00e1n degustar men\u00fas al coste \u00fanico de 50 euros, un precio muy inferior al habitual Diez de los m\u00e1s prestigiosos restaurantes de la ciudad de Torrevieja participan este a\u00f1o en las Jornadas Gastron\u00f3micas \u00abTorrevieja y el mar\u00ab, que se celebrar\u00e1n entre el 11 y el 15 de junio, y el 18 [&hellip;]\" \/>\n<meta property=\"og:url\" content=\"https:\/\/www.torreviejagastronomica.com\/en\/diez-prestigiosos-restaurantes-participan-en-las-jornadas-gastronomicas-2012\/\" \/>\n<meta property=\"og:site_name\" content=\"Torrevieja Gastron\u00f3mica\" \/>\n<meta property=\"article:published_time\" content=\"2012-06-04T07:43:28+00:00\" \/>\n<meta property=\"og:image\" content=\"https:\/\/www.torreviejagastronomica.com\/wp-content\/uploads\/2012\/06\/jornadas25.jpg\" \/>\n\t<meta property=\"og:image:width\" content=\"800\" \/>\n\t<meta property=\"og:image:height\" content=\"533\" \/>\n\t<meta property=\"og:image:type\" content=\"image\/jpeg\" \/>\n<meta name=\"author\" content=\"admin\" \/>\n<meta name=\"twitter:card\" content=\"summary_large_image\" \/>\n<meta name=\"twitter:label1\" content=\"Written by\" \/>\n\t<meta name=\"twitter:data1\" content=\"admin\" \/>\n\t<meta name=\"twitter:label2\" content=\"Estimated reading time\" \/>\n\t<meta name=\"twitter:data2\" content=\"1 minute\" \/>\n<script type=\"application\/ld+json\" class=\"yoast-schema-graph\">{\"@context\":\"https:\/\/schema.org\",\"@graph\":[{\"@type\":\"Article\",\"@id\":\"https:\/\/www.torreviejagastronomica.com\/diez-prestigiosos-restaurantes-participan-en-las-jornadas-gastronomicas-2012\/#article\",\"isPartOf\":{\"@id\":\"https:\/\/www.torreviejagastronomica.com\/diez-prestigiosos-restaurantes-participan-en-las-jornadas-gastronomicas-2012\/\"},\"author\":{\"name\":\"admin\",\"@id\":\"https:\/\/www.torreviejagastronomica.com\/#\/schema\/person\/43c1ae0a05eb24e94513f69078cd11a7\"},\"headline\":\"Diez prestigiosos restaurantes participan en las Jornadas Gastron\u00f3micas 2012\",\"datePublished\":\"2012-06-04T07:43:28+00:00\",\"mainEntityOfPage\":{\"@id\":\"https:\/\/www.torreviejagastronomica.com\/diez-prestigiosos-restaurantes-participan-en-las-jornadas-gastronomicas-2012\/\"},\"wordCount\":170,\"publisher\":{\"@id\":\"https:\/\/www.torreviejagastronomica.com\/#organization\"},\"image\":{\"@id\":\"https:\/\/www.torreviejagastronomica.com\/diez-prestigiosos-restaurantes-participan-en-las-jornadas-gastronomicas-2012\/#primaryimage\"},\"thumbnailUrl\":\"https:\/\/www.torreviejagastronomica.com\/wp-content\/uploads\/2012\/06\/jornadas25.jpg\",\"keywords\":[\"barlovento\",\"catalina\",\"el huertano\",\"el pescador\",\"el puerto\",\"jornadas gastron\u00f3micas\",\"las jarras\",\"las villas\",\"meson de la costa\",\"rincon de capis\",\"torrevieja\"],\"articleSection\":[\"Bares y Restaurantes\",\"Eventos\",\"Noticias\"],\"inLanguage\":\"en-GB\"},{\"@type\":\"WebPage\",\"@id\":\"https:\/\/www.torreviejagastronomica.com\/diez-prestigiosos-restaurantes-participan-en-las-jornadas-gastronomicas-2012\/\",\"url\":\"https:\/\/www.torreviejagastronomica.com\/diez-prestigiosos-restaurantes-participan-en-las-jornadas-gastronomicas-2012\/\",\"name\":\"Diez prestigiosos restaurantes participan en las Jornadas Gastron\u00f3micas 2012 - Torrevieja Gastron\u00f3mica\",\"isPartOf\":{\"@id\":\"https:\/\/www.torreviejagastronomica.com\/#website\"},\"primaryImageOfPage\":{\"@id\":\"https:\/\/www.torreviejagastronomica.com\/diez-prestigiosos-restaurantes-participan-en-las-jornadas-gastronomicas-2012\/#primaryimage\"},\"image\":{\"@id\":\"https:\/\/www.torreviejagastronomica.com\/diez-prestigiosos-restaurantes-participan-en-las-jornadas-gastronomicas-2012\/#primaryimage\"},\"thumbnailUrl\":\"https:\/\/www.torreviejagastronomica.com\/wp-content\/uploads\/2012\/06\/jornadas25.jpg\",\"datePublished\":\"2012-06-04T07:43:28+00:00\",\"breadcrumb\":{\"@id\":\"https:\/\/www.torreviejagastronomica.com\/diez-prestigiosos-restaurantes-participan-en-las-jornadas-gastronomicas-2012\/#breadcrumb\"},\"inLanguage\":\"en-GB\",\"potentialAction\":[{\"@type\":\"ReadAction\",\"target\":[\"https:\/\/www.torreviejagastronomica.com\/diez-prestigiosos-restaurantes-participan-en-las-jornadas-gastronomicas-2012\/\"]}]},{\"@type\":\"ImageObject\",\"inLanguage\":\"en-GB\",\"@id\":\"https:\/\/www.torreviejagastronomica.com\/diez-prestigiosos-restaurantes-participan-en-las-jornadas-gastronomicas-2012\/#primaryimage\",\"url\":\"https:\/\/www.torreviejagastronomica.com\/wp-content\/uploads\/2012\/06\/jornadas25.jpg\",\"contentUrl\":\"https:\/\/www.torreviejagastronomica.com\/wp-content\/uploads\/2012\/06\/jornadas25.jpg\",\"width\":800,\"height\":533,\"caption\":\"Jornadas Gastron\u00f3micas Torrevieja 2012\"},{\"@type\":\"BreadcrumbList\",\"@id\":\"https:\/\/www.torreviejagastronomica.com\/diez-prestigiosos-restaurantes-participan-en-las-jornadas-gastronomicas-2012\/#breadcrumb\",\"itemListElement\":[{\"@type\":\"ListItem\",\"position\":1,\"name\":\"Portada\",\"item\":\"https:\/\/www.torreviejagastronomica.com\/\"},{\"@type\":\"ListItem\",\"position\":2,\"name\":\"Diez prestigiosos restaurantes participan en las Jornadas Gastron\u00f3micas 2012\"}]},{\"@type\":\"WebSite\",\"@id\":\"https:\/\/www.torreviejagastronomica.com\/#website\",\"url\":\"https:\/\/www.torreviejagastronomica.com\/\",\"name\":\"Torrevieja Gastron\u00f3mica\",\"description\":\"Asociaci\u00f3n Hosteler\u00eda Torrevieja y Comarca\",\"publisher\":{\"@id\":\"https:\/\/www.torreviejagastronomica.com\/#organization\"},\"potentialAction\":[{\"@type\":\"SearchAction\",\"target\":{\"@type\":\"EntryPoint\",\"urlTemplate\":\"https:\/\/www.torreviejagastronomica.com\/?s={search_term_string}\"},\"query-input\":{\"@type\":\"PropertyValueSpecification\",\"valueRequired\":true,\"valueName\":\"search_term_string\"}}],\"inLanguage\":\"en-GB\"},{\"@type\":\"Organization\",\"@id\":\"https:\/\/www.torreviejagastronomica.com\/#organization\",\"name\":\"Torrevieja Gastron\u00f3mica\",\"url\":\"https:\/\/www.torreviejagastronomica.com\/\",\"logo\":{\"@type\":\"ImageObject\",\"inLanguage\":\"en-GB\",\"@id\":\"https:\/\/www.torreviejagastronomica.com\/#\/schema\/logo\/image\/\",\"url\":\"https:\/\/www.torreviejagastronomica.com\/wp-content\/uploads\/2023\/09\/Logo-Torrevieja-Gastronomica.png\",\"contentUrl\":\"https:\/\/www.torreviejagastronomica.com\/wp-content\/uploads\/2023\/09\/Logo-Torrevieja-Gastronomica.png\",\"width\":350,\"height\":100,\"caption\":\"Torrevieja Gastron\u00f3mica\"},\"image\":{\"@id\":\"https:\/\/www.torreviejagastronomica.com\/#\/schema\/logo\/image\/\"}},{\"@type\":\"Person\",\"@id\":\"https:\/\/www.torreviejagastronomica.com\/#\/schema\/person\/43c1ae0a05eb24e94513f69078cd11a7\",\"name\":\"admin\",\"image\":{\"@type\":\"ImageObject\",\"inLanguage\":\"en-GB\",\"@id\":\"https:\/\/www.torreviejagastronomica.com\/#\/schema\/person\/image\/\",\"url\":\"https:\/\/secure.gravatar.com\/avatar\/6497fb95944786a8c3310104dbce94031a7dee2c3b2645b425bfeeec49855f50?s=96&d=mm&r=g\",\"contentUrl\":\"https:\/\/secure.gravatar.com\/avatar\/6497fb95944786a8c3310104dbce94031a7dee2c3b2645b425bfeeec49855f50?s=96&d=mm&r=g\",\"caption\":\"admin\"},\"url\":\"https:\/\/www.torreviejagastronomica.com\/en\/author\/admin\/\"}]}<\/script>\n<!-- \/ Yoast SEO plugin. -->","yoast_head_json":{"title":"Diez prestigiosos restaurantes participan en las Jornadas Gastron\u00f3micas 2012 - Torrevieja Gastron\u00f3mica","robots":{"index":"index","follow":"follow","max-snippet":"max-snippet:-1","max-image-preview":"max-image-preview:large","max-video-preview":"max-video-preview:-1"},"canonical":"https:\/\/www.torreviejagastronomica.com\/en\/diez-prestigiosos-restaurantes-participan-en-las-jornadas-gastronomicas-2012\/","og_locale":"en_GB","og_type":"article","og_title":"Diez prestigiosos restaurantes participan en las Jornadas Gastron\u00f3micas 2012 - Torrevieja Gastron\u00f3mica","og_description":"Fuente: \u00abdiarioinformacion.es\u00ab Los comensales podr\u00e1n degustar men\u00fas al coste \u00fanico de 50 euros, un precio muy inferior al habitual Diez de los m\u00e1s prestigiosos restaurantes de la ciudad de Torrevieja participan este a\u00f1o en las Jornadas Gastron\u00f3micas \u00abTorrevieja y el mar\u00ab, que se celebrar\u00e1n entre el 11 y el 15 de junio, y el 18 [&hellip;]","og_url":"https:\/\/www.torreviejagastronomica.com\/en\/diez-prestigiosos-restaurantes-participan-en-las-jornadas-gastronomicas-2012\/","og_site_name":"Torrevieja Gastron\u00f3mica","article_published_time":"2012-06-04T07:43:28+00:00","og_image":[{"width":800,"height":533,"url":"https:\/\/www.torreviejagastronomica.com\/wp-content\/uploads\/2012\/06\/jornadas25.jpg","type":"image\/jpeg"}],"author":"admin","twitter_card":"summary_large_image","twitter_misc":{"Written by":"admin","Estimated reading time":"1 minute"},"schema":{"@context":"https:\/\/schema.org","@graph":[{"@type":"Article","@id":"https:\/\/www.torreviejagastronomica.com\/diez-prestigiosos-restaurantes-participan-en-las-jornadas-gastronomicas-2012\/#article","isPartOf":{"@id":"https:\/\/www.torreviejagastronomica.com\/diez-prestigiosos-restaurantes-participan-en-las-jornadas-gastronomicas-2012\/"},"author":{"name":"admin","@id":"https:\/\/www.torreviejagastronomica.com\/#\/schema\/person\/43c1ae0a05eb24e94513f69078cd11a7"},"headline":"Diez prestigiosos restaurantes participan en las Jornadas Gastron\u00f3micas 2012","datePublished":"2012-06-04T07:43:28+00:00","mainEntityOfPage":{"@id":"https:\/\/www.torreviejagastronomica.com\/diez-prestigiosos-restaurantes-participan-en-las-jornadas-gastronomicas-2012\/"},"wordCount":170,"publisher":{"@id":"https:\/\/www.torreviejagastronomica.com\/#organization"},"image":{"@id":"https:\/\/www.torreviejagastronomica.com\/diez-prestigiosos-restaurantes-participan-en-las-jornadas-gastronomicas-2012\/#primaryimage"},"thumbnailUrl":"https:\/\/www.torreviejagastronomica.com\/wp-content\/uploads\/2012\/06\/jornadas25.jpg","keywords":["barlovento","catalina","el huertano","el pescador","el puerto","jornadas gastron\u00f3micas","las jarras","las villas","meson de la costa","rincon de capis","torrevieja"],"articleSection":["Bares y Restaurantes","Eventos","Noticias"],"inLanguage":"en-GB"},{"@type":"WebPage","@id":"https:\/\/www.torreviejagastronomica.com\/diez-prestigiosos-restaurantes-participan-en-las-jornadas-gastronomicas-2012\/","url":"https:\/\/www.torreviejagastronomica.com\/diez-prestigiosos-restaurantes-participan-en-las-jornadas-gastronomicas-2012\/","name":"Diez prestigiosos restaurantes participan en las Jornadas Gastron\u00f3micas 2012 - Torrevieja Gastron\u00f3mica","isPartOf":{"@id":"https:\/\/www.torreviejagastronomica.com\/#website"},"primaryImageOfPage":{"@id":"https:\/\/www.torreviejagastronomica.com\/diez-prestigiosos-restaurantes-participan-en-las-jornadas-gastronomicas-2012\/#primaryimage"},"image":{"@id":"https:\/\/www.torreviejagastronomica.com\/diez-prestigiosos-restaurantes-participan-en-las-jornadas-gastronomicas-2012\/#primaryimage"},"thumbnailUrl":"https:\/\/www.torreviejagastronomica.com\/wp-content\/uploads\/2012\/06\/jornadas25.jpg","datePublished":"2012-06-04T07:43:28+00:00","breadcrumb":{"@id":"https:\/\/www.torreviejagastronomica.com\/diez-prestigiosos-restaurantes-participan-en-las-jornadas-gastronomicas-2012\/#breadcrumb"},"inLanguage":"en-GB","potentialAction":[{"@type":"ReadAction","target":["https:\/\/www.torreviejagastronomica.com\/diez-prestigiosos-restaurantes-participan-en-las-jornadas-gastronomicas-2012\/"]}]},{"@type":"ImageObject","inLanguage":"en-GB","@id":"https:\/\/www.torreviejagastronomica.com\/diez-prestigiosos-restaurantes-participan-en-las-jornadas-gastronomicas-2012\/#primaryimage","url":"https:\/\/www.torreviejagastronomica.com\/wp-content\/uploads\/2012\/06\/jornadas25.jpg","contentUrl":"https:\/\/www.torreviejagastronomica.com\/wp-content\/uploads\/2012\/06\/jornadas25.jpg","width":800,"height":533,"caption":"Jornadas Gastron\u00f3micas Torrevieja 2012"},{"@type":"BreadcrumbList","@id":"https:\/\/www.torreviejagastronomica.com\/diez-prestigiosos-restaurantes-participan-en-las-jornadas-gastronomicas-2012\/#breadcrumb","itemListElement":[{"@type":"ListItem","position":1,"name":"Portada","item":"https:\/\/www.torreviejagastronomica.com\/"},{"@type":"ListItem","position":2,"name":"Diez prestigiosos restaurantes participan en las Jornadas Gastron\u00f3micas 2012"}]},{"@type":"WebSite","@id":"https:\/\/www.torreviejagastronomica.com\/#website","url":"https:\/\/www.torreviejagastronomica.com\/","name":"Torrevieja Gastron\u00f3mica","description":"Asociaci\u00f3n Hosteler\u00eda Torrevieja y Comarca","publisher":{"@id":"https:\/\/www.torreviejagastronomica.com\/#organization"},"potentialAction":[{"@type":"SearchAction","target":{"@type":"EntryPoint","urlTemplate":"https:\/\/www.torreviejagastronomica.com\/?s={search_term_string}"},"query-input":{"@type":"PropertyValueSpecification","valueRequired":true,"valueName":"search_term_string"}}],"inLanguage":"en-GB"},{"@type":"Organization","@id":"https:\/\/www.torreviejagastronomica.com\/#organization","name":"Torrevieja Gastron\u00f3mica","url":"https:\/\/www.torreviejagastronomica.com\/","logo":{"@type":"ImageObject","inLanguage":"en-GB","@id":"https:\/\/www.torreviejagastronomica.com\/#\/schema\/logo\/image\/","url":"https:\/\/www.torreviejagastronomica.com\/wp-content\/uploads\/2023\/09\/Logo-Torrevieja-Gastronomica.png","contentUrl":"https:\/\/www.torreviejagastronomica.com\/wp-content\/uploads\/2023\/09\/Logo-Torrevieja-Gastronomica.png","width":350,"height":100,"caption":"Torrevieja Gastron\u00f3mica"},"image":{"@id":"https:\/\/www.torreviejagastronomica.com\/#\/schema\/logo\/image\/"}},{"@type":"Person","@id":"https:\/\/www.torreviejagastronomica.com\/#\/schema\/person\/43c1ae0a05eb24e94513f69078cd11a7","name":"admin","image":{"@type":"ImageObject","inLanguage":"en-GB","@id":"https:\/\/www.torreviejagastronomica.com\/#\/schema\/person\/image\/","url":"https:\/\/secure.gravatar.com\/avatar\/6497fb95944786a8c3310104dbce94031a7dee2c3b2645b425bfeeec49855f50?s=96&d=mm&r=g","contentUrl":"https:\/\/secure.gravatar.com\/avatar\/6497fb95944786a8c3310104dbce94031a7dee2c3b2645b425bfeeec49855f50?s=96&d=mm&r=g","caption":"admin"},"url":"https:\/\/www.torreviejagastronomica.com\/en\/author\/admin\/"}]}},"_links":{"self":[{"href":"https:\/\/www.torreviejagastronomica.com\/en\/wp-json\/wp\/v2\/posts\/338","targetHints":{"allow":["GET"]}}],"collection":[{"href":"https:\/\/www.torreviejagastronomica.com\/en\/wp-json\/wp\/v2\/posts"}],"about":[{"href":"https:\/\/www.torreviejagastronomica.com\/en\/wp-json\/wp\/v2\/types\/post"}],"author":[{"embeddable":true,"href":"https:\/\/www.torreviejagastronomica.com\/en\/wp-json\/wp\/v2\/users\/3"}],"replies":[{"embeddable":true,"href":"https:\/\/www.torreviejagastronomica.com\/en\/wp-json\/wp\/v2\/comments?post=338"}],"version-history":[{"count":0,"href":"https:\/\/www.torreviejagastronomica.com\/en\/wp-json\/wp\/v2\/posts\/338\/revisions"}],"wp:featuredmedia":[{"embeddable":true,"href":"https:\/\/www.torreviejagastronomica.com\/en\/wp-json\/wp\/v2\/media\/353"}],"wp:attachment":[{"href":"https:\/\/www.torreviejagastronomica.com\/en\/wp-json\/wp\/v2\/media?parent=338"}],"wp:term":[{"taxonomy":"category","embeddable":true,"href":"https:\/\/www.torreviejagastronomica.com\/en\/wp-json\/wp\/v2\/categories?post=338"},{"taxonomy":"post_tag","embeddable":true,"href":"https:\/\/www.torreviejagastronomica.com\/en\/wp-json\/wp\/v2\/tags?post=338"}],"curies":[{"name":"wp","href":"https:\/\/api.w.org\/{rel}","templated":true}]}}