{"id":3359,"date":"2023-05-12T11:57:48","date_gmt":"2023-05-12T11:57:48","guid":{"rendered":"https:\/\/www.torreviejagastronomica.com\/?p=3359"},"modified":"2023-05-12T11:57:48","modified_gmt":"2023-05-12T11:57:48","slug":"convocatoria-de-ayudas-turisme-comunitat-valenciana-de-impulso-a-la-competitividad-turistica-para-el-ano-2023","status":"publish","type":"post","link":"https:\/\/www.torreviejagastronomica.com\/en\/convocatoria-de-ayudas-turisme-comunitat-valenciana-de-impulso-a-la-competitividad-turistica-para-el-ano-2023\/","title":{"rendered":"CALL FOR TURISME COMUNITAT VALENCIANA AIDS TO BOOST TOURISM COMPETITIVENESS FOR THE YEAR 2023"},"content":{"rendered":"<p><strong>\uf0b7 Object:<\/strong><br>Call for applications for aid from Turismo Comunitat Valenciana for the financial year 2023 aimed at companies, associations, federations and foundations to develop projects or events with a tourism impact that boost the competitiveness of companies and product marketing.<br>tourism in the Valencia Region through the digitalisation, sustainability, accessibility and marketing of tourism products and\/or services.<\/p>\n\n\n\n<p><br><strong>\uf0b7 Actions:<\/strong><\/p>\n\n\n\n<p><br><strong>I. PROGRAMME 1<\/strong> - Boosting the competitiveness of companies and the marketing of<br>tourist product of the Comunitat Valenciana.<\/p>\n\n\n\n<p><br>Projects to improve digitalisation, cybersecurity and automation of processes, services and\/or products, promotion and advertising in an omnichannel environment (physical and digital), commercialisation and marketing of experiential tourism products and\/or services and sustainability and gamification.<\/p>\n\n\n\n<p><br><strong>II. PROGRAMME 2 <\/strong>- Promotion of musical, sporting and cultural events with a tourist impact.<br>Musical activities, championships, sporting events and rallies, cultural activities linked to gastronomy, festivals of tourist interest at provincial level, theatre, cinema, dance and others.<\/p>\n\n\n\n<p><br><strong>\uf0b7 Beneficiaries:<\/strong><\/p>\n\n\n\n<p><br><strong>I. Programme 1.<\/strong><\/p>\n\n\n\n<p><br><strong>a. <\/strong>Tourist companies registered in the Tourism Register of the Valencian Community Region<br>who belong to one of the following groups:<\/p>\n\n\n\n<p>-Owners of tourist accommodation establishments (natural or legal persons owning or operating hotel establishments, campsites, tourist flat blocks and complexes, companies managing tourist accommodation and rural accommodation).<\/p>\n\n\n\n<p>-Travel agency owners.<\/p>\n\n\n\n<p>-Active tourism companies.<\/p>\n\n\n\n<p><strong>b. Companies that are members of the CREATURISME or L'EXQUISIT Programmes.<br>MEDITERRANI or have the \"Commitment to Tourism Quality\" badge for their participation in the SICTED CV Programme.<\/strong><\/p>\n\n\n\n<p><br><strong>\uf0b7 Amount:<\/strong><br>The maximum overall amount earmarked for these grants is 6,810,000 euros, broken down as follows:<br>I. Programme 1: <strong>4,000,000 euros.<\/strong><\/p>\n\n\n\n<p><strong><br>The amount of the grant shall be the amount resulting from the application of an aid intensity of 70 % on the eligible cost in Programme 1 .<\/strong><\/p>\n\n\n\n<p><br><strong>\uf0b7 Conditions of aid:<\/strong><\/p>\n\n\n\n<p>That the conditions of being a beneficiary person or entity are maintained until the time of payment of the subsidy.<\/p>\n\n\n\n<p>The grants in this call for applications are compatible with other grants for the same purpose awarded by other administrations or public or private national or international bodies. However, they are not compatible with the economic collaboration that Turisme Comunitat Valenciana articulates in 2023 through nominative lines of subsidy for the same object and beneficiary person or entity.<\/p>\n\n\n\n<p>No aid will be considered for projects whose eligible cost is less than 6,000 euros for Programme 1 (which may be 3,000 euros in the case of companies that are members of the CREATURISME or L'EXQUISIT MEDITERRANI Programmes or have the \"Commitment to Quality Tourism\" label), or 10,000 euros for Programme 2.<\/p>\n\n\n\n<p>The project to be subsidised must be carried out between 1 January and 31 December 2023.<\/p>\n\n\n\n<p><br><strong>\uf0b7 Deadline for submission of applications:<\/strong><br>The period shall begin at <strong>9:00 a.m. on 15 May 2023 and shall end at 23:59 p.m. on 2 June 2023.<\/strong><\/p>\n\n\n\n<p><a href=\"https:\/\/drive.google.com\/file\/d\/1Y62P5MeQWcVuMd0VN_-d6UoqAfwyuiFc\/view?usp=share_link\">https:\/\/drive.google.com\/file\/d\/1Y62P5MeQWcVuMd0VN_-d6UoqAfwyuiFc\/view?usp=share_link<\/a><\/p>\n\n\n\n<p><\/p>","protected":false},"excerpt":{"rendered":"<p>\uf0b7 Objective:To call for aid from Turismo Comunitat Valenciana for the financial year 2023 aimed at companies, associations, federations and foundations to develop projects or events with a tourism impact that boost the competitiveness of companies and the marketing of the tourism product of the Comunitat Valenciana through digitisation, sustainability, accessibility and the implementation of the tourism product [...].<\/p>","protected":false},"author":4,"featured_media":3391,"comment_status":"closed","ping_status":"open","sticky":false,"template":"","format":"standard","meta":{"footnotes":""},"categories":[8],"tags":[],"class_list":["post-3359","post","type-post","status-publish","format-standard","has-post-thumbnail","hentry","category-eventos"],"yoast_head":"<!-- This site is optimized with the Yoast SEO plugin v25.7 - https:\/\/yoast.com\/wordpress\/plugins\/seo\/ -->\n<title>CONVOCATORIA DE AYUDAS TURISME COMUNITAT VALENCIANA DE IMPULSO A LA COMPETITIVIDAD TUR\u00cdSTICA PARA EL A\u00d1O 2023 - Torrevieja Gastron\u00f3mica<\/title>\n<meta name=\"robots\" content=\"index, follow, max-snippet:-1, max-image-preview:large, max-video-preview:-1\" \/>\n<link rel=\"canonical\" href=\"https:\/\/www.torreviejagastronomica.com\/en\/convocatoria-de-ayudas-turisme-comunitat-valenciana-de-impulso-a-la-competitividad-turistica-para-el-ano-2023\/\" \/>\n<meta property=\"og:locale\" content=\"en_GB\" \/>\n<meta property=\"og:type\" content=\"article\" \/>\n<meta property=\"og:title\" content=\"CONVOCATORIA DE AYUDAS TURISME COMUNITAT VALENCIANA DE IMPULSO A LA COMPETITIVIDAD TUR\u00cdSTICA PARA EL A\u00d1O 2023 - Torrevieja Gastron\u00f3mica\" \/>\n<meta property=\"og:description\" content=\"\uf0b7 Objeto:Convocar las ayudas de Turismo Comunitat Valenciana para el ejercicio 2023 dirigidas a empresas, asociaciones, federaciones y fundaciones para que desarrollen proyectos o eventos de impacto tur\u00edstico que impulsen la competitividad de las empresas y el marketing de productotur\u00edstico de la Comunitat Valenciana a trav\u00e9s de la digitalizaci\u00f3n, sostenibilidad, accesibilidad y puesta en el [&hellip;]\" \/>\n<meta property=\"og:url\" content=\"https:\/\/www.torreviejagastronomica.com\/en\/convocatoria-de-ayudas-turisme-comunitat-valenciana-de-impulso-a-la-competitividad-turistica-para-el-ano-2023\/\" \/>\n<meta property=\"og:site_name\" content=\"Torrevieja Gastron\u00f3mica\" \/>\n<meta property=\"article:published_time\" content=\"2023-05-12T11:57:48+00:00\" \/>\n<meta property=\"og:image\" content=\"https:\/\/www.torreviejagastronomica.com\/wp-content\/uploads\/2023\/05\/Captura-10.jpg\" \/>\n\t<meta property=\"og:image:width\" content=\"977\" \/>\n\t<meta property=\"og:image:height\" content=\"462\" \/>\n\t<meta property=\"og:image:type\" content=\"image\/jpeg\" \/>\n<meta name=\"author\" content=\"Asociaci\u00f3n de Empresas de Hosteler\u00eda de Torrevieja y Comarca\" \/>\n<meta name=\"twitter:card\" content=\"summary_large_image\" \/>\n<meta name=\"twitter:label1\" content=\"Written by\" \/>\n\t<meta name=\"twitter:data1\" content=\"Asociaci\u00f3n de Empresas de Hosteler\u00eda de Torrevieja y Comarca\" \/>\n\t<meta name=\"twitter:label2\" content=\"Estimated reading time\" \/>\n\t<meta name=\"twitter:data2\" content=\"3 minutes\" \/>\n<script type=\"application\/ld+json\" class=\"yoast-schema-graph\">{\"@context\":\"https:\/\/schema.org\",\"@graph\":[{\"@type\":\"Article\",\"@id\":\"https:\/\/www.torreviejagastronomica.com\/convocatoria-de-ayudas-turisme-comunitat-valenciana-de-impulso-a-la-competitividad-turistica-para-el-ano-2023\/#article\",\"isPartOf\":{\"@id\":\"https:\/\/www.torreviejagastronomica.com\/convocatoria-de-ayudas-turisme-comunitat-valenciana-de-impulso-a-la-competitividad-turistica-para-el-ano-2023\/\"},\"author\":{\"name\":\"Asociaci\u00f3n de Empresas de Hosteler\u00eda de Torrevieja y Comarca\",\"@id\":\"https:\/\/www.torreviejagastronomica.com\/#\/schema\/person\/9e0116f808f941d46f9baadf5335f0a9\"},\"headline\":\"CONVOCATORIA DE AYUDAS TURISME COMUNITAT VALENCIANA DE IMPULSO A LA COMPETITIVIDAD TUR\u00cdSTICA PARA EL A\u00d1O 2023\",\"datePublished\":\"2023-05-12T11:57:48+00:00\",\"mainEntityOfPage\":{\"@id\":\"https:\/\/www.torreviejagastronomica.com\/convocatoria-de-ayudas-turisme-comunitat-valenciana-de-impulso-a-la-competitividad-turistica-para-el-ano-2023\/\"},\"wordCount\":545,\"publisher\":{\"@id\":\"https:\/\/www.torreviejagastronomica.com\/#organization\"},\"image\":{\"@id\":\"https:\/\/www.torreviejagastronomica.com\/convocatoria-de-ayudas-turisme-comunitat-valenciana-de-impulso-a-la-competitividad-turistica-para-el-ano-2023\/#primaryimage\"},\"thumbnailUrl\":\"https:\/\/www.torreviejagastronomica.com\/wp-content\/uploads\/2023\/05\/Captura-10.jpg\",\"articleSection\":[\"Eventos\"],\"inLanguage\":\"en-GB\"},{\"@type\":\"WebPage\",\"@id\":\"https:\/\/www.torreviejagastronomica.com\/convocatoria-de-ayudas-turisme-comunitat-valenciana-de-impulso-a-la-competitividad-turistica-para-el-ano-2023\/\",\"url\":\"https:\/\/www.torreviejagastronomica.com\/convocatoria-de-ayudas-turisme-comunitat-valenciana-de-impulso-a-la-competitividad-turistica-para-el-ano-2023\/\",\"name\":\"CONVOCATORIA DE AYUDAS TURISME COMUNITAT VALENCIANA DE IMPULSO A LA COMPETITIVIDAD TUR\u00cdSTICA PARA EL A\u00d1O 2023 - Torrevieja Gastron\u00f3mica\",\"isPartOf\":{\"@id\":\"https:\/\/www.torreviejagastronomica.com\/#website\"},\"primaryImageOfPage\":{\"@id\":\"https:\/\/www.torreviejagastronomica.com\/convocatoria-de-ayudas-turisme-comunitat-valenciana-de-impulso-a-la-competitividad-turistica-para-el-ano-2023\/#primaryimage\"},\"image\":{\"@id\":\"https:\/\/www.torreviejagastronomica.com\/convocatoria-de-ayudas-turisme-comunitat-valenciana-de-impulso-a-la-competitividad-turistica-para-el-ano-2023\/#primaryimage\"},\"thumbnailUrl\":\"https:\/\/www.torreviejagastronomica.com\/wp-content\/uploads\/2023\/05\/Captura-10.jpg\",\"datePublished\":\"2023-05-12T11:57:48+00:00\",\"breadcrumb\":{\"@id\":\"https:\/\/www.torreviejagastronomica.com\/convocatoria-de-ayudas-turisme-comunitat-valenciana-de-impulso-a-la-competitividad-turistica-para-el-ano-2023\/#breadcrumb\"},\"inLanguage\":\"en-GB\",\"potentialAction\":[{\"@type\":\"ReadAction\",\"target\":[\"https:\/\/www.torreviejagastronomica.com\/convocatoria-de-ayudas-turisme-comunitat-valenciana-de-impulso-a-la-competitividad-turistica-para-el-ano-2023\/\"]}]},{\"@type\":\"ImageObject\",\"inLanguage\":\"en-GB\",\"@id\":\"https:\/\/www.torreviejagastronomica.com\/convocatoria-de-ayudas-turisme-comunitat-valenciana-de-impulso-a-la-competitividad-turistica-para-el-ano-2023\/#primaryimage\",\"url\":\"https:\/\/www.torreviejagastronomica.com\/wp-content\/uploads\/2023\/05\/Captura-10.jpg\",\"contentUrl\":\"https:\/\/www.torreviejagastronomica.com\/wp-content\/uploads\/2023\/05\/Captura-10.jpg\",\"width\":977,\"height\":462},{\"@type\":\"BreadcrumbList\",\"@id\":\"https:\/\/www.torreviejagastronomica.com\/convocatoria-de-ayudas-turisme-comunitat-valenciana-de-impulso-a-la-competitividad-turistica-para-el-ano-2023\/#breadcrumb\",\"itemListElement\":[{\"@type\":\"ListItem\",\"position\":1,\"name\":\"Portada\",\"item\":\"https:\/\/www.torreviejagastronomica.com\/\"},{\"@type\":\"ListItem\",\"position\":2,\"name\":\"CONVOCATORIA DE AYUDAS TURISME COMUNITAT VALENCIANA DE IMPULSO A LA COMPETITIVIDAD TUR\u00cdSTICA PARA EL A\u00d1O 2023\"}]},{\"@type\":\"WebSite\",\"@id\":\"https:\/\/www.torreviejagastronomica.com\/#website\",\"url\":\"https:\/\/www.torreviejagastronomica.com\/\",\"name\":\"Torrevieja Gastron\u00f3mica\",\"description\":\"Asociaci\u00f3n Hosteler\u00eda Torrevieja y Comarca\",\"publisher\":{\"@id\":\"https:\/\/www.torreviejagastronomica.com\/#organization\"},\"potentialAction\":[{\"@type\":\"SearchAction\",\"target\":{\"@type\":\"EntryPoint\",\"urlTemplate\":\"https:\/\/www.torreviejagastronomica.com\/?s={search_term_string}\"},\"query-input\":{\"@type\":\"PropertyValueSpecification\",\"valueRequired\":true,\"valueName\":\"search_term_string\"}}],\"inLanguage\":\"en-GB\"},{\"@type\":\"Organization\",\"@id\":\"https:\/\/www.torreviejagastronomica.com\/#organization\",\"name\":\"Torrevieja Gastron\u00f3mica\",\"url\":\"https:\/\/www.torreviejagastronomica.com\/\",\"logo\":{\"@type\":\"ImageObject\",\"inLanguage\":\"en-GB\",\"@id\":\"https:\/\/www.torreviejagastronomica.com\/#\/schema\/logo\/image\/\",\"url\":\"https:\/\/www.torreviejagastronomica.com\/wp-content\/uploads\/2023\/09\/Logo-Torrevieja-Gastronomica.png\",\"contentUrl\":\"https:\/\/www.torreviejagastronomica.com\/wp-content\/uploads\/2023\/09\/Logo-Torrevieja-Gastronomica.png\",\"width\":350,\"height\":100,\"caption\":\"Torrevieja Gastron\u00f3mica\"},\"image\":{\"@id\":\"https:\/\/www.torreviejagastronomica.com\/#\/schema\/logo\/image\/\"}},{\"@type\":\"Person\",\"@id\":\"https:\/\/www.torreviejagastronomica.com\/#\/schema\/person\/9e0116f808f941d46f9baadf5335f0a9\",\"name\":\"Asociaci\u00f3n de Empresas de Hosteler\u00eda de Torrevieja y Comarca\",\"image\":{\"@type\":\"ImageObject\",\"inLanguage\":\"en-GB\",\"@id\":\"https:\/\/www.torreviejagastronomica.com\/#\/schema\/person\/image\/\",\"url\":\"https:\/\/secure.gravatar.com\/avatar\/32ba6ba6e685fc061412a65c4a8a8b6caaf6d90d0985a737a4015d36e84d2d1f?s=96&d=mm&r=g\",\"contentUrl\":\"https:\/\/secure.gravatar.com\/avatar\/32ba6ba6e685fc061412a65c4a8a8b6caaf6d90d0985a737a4015d36e84d2d1f?s=96&d=mm&r=g\",\"caption\":\"Asociaci\u00f3n de Empresas de Hosteler\u00eda de Torrevieja y Comarca\"},\"url\":\"https:\/\/www.torreviejagastronomica.com\/en\/author\/hosteleria\/\"}]}<\/script>\n<!-- \/ Yoast SEO plugin. -->","yoast_head_json":{"title":"CONVOCATORIA DE AYUDAS TURISME COMUNITAT VALENCIANA DE IMPULSO A LA COMPETITIVIDAD TUR\u00cdSTICA PARA EL A\u00d1O 2023 - Torrevieja Gastron\u00f3mica","robots":{"index":"index","follow":"follow","max-snippet":"max-snippet:-1","max-image-preview":"max-image-preview:large","max-video-preview":"max-video-preview:-1"},"canonical":"https:\/\/www.torreviejagastronomica.com\/en\/convocatoria-de-ayudas-turisme-comunitat-valenciana-de-impulso-a-la-competitividad-turistica-para-el-ano-2023\/","og_locale":"en_GB","og_type":"article","og_title":"CONVOCATORIA DE AYUDAS TURISME COMUNITAT VALENCIANA DE IMPULSO A LA COMPETITIVIDAD TUR\u00cdSTICA PARA EL A\u00d1O 2023 - Torrevieja Gastron\u00f3mica","og_description":"\uf0b7 Objeto:Convocar las ayudas de Turismo Comunitat Valenciana para el ejercicio 2023 dirigidas a empresas, asociaciones, federaciones y fundaciones para que desarrollen proyectos o eventos de impacto tur\u00edstico que impulsen la competitividad de las empresas y el marketing de productotur\u00edstico de la Comunitat Valenciana a trav\u00e9s de la digitalizaci\u00f3n, sostenibilidad, accesibilidad y puesta en el [&hellip;]","og_url":"https:\/\/www.torreviejagastronomica.com\/en\/convocatoria-de-ayudas-turisme-comunitat-valenciana-de-impulso-a-la-competitividad-turistica-para-el-ano-2023\/","og_site_name":"Torrevieja Gastron\u00f3mica","article_published_time":"2023-05-12T11:57:48+00:00","og_image":[{"width":977,"height":462,"url":"https:\/\/www.torreviejagastronomica.com\/wp-content\/uploads\/2023\/05\/Captura-10.jpg","type":"image\/jpeg"}],"author":"Asociaci\u00f3n de Empresas de Hosteler\u00eda de Torrevieja y Comarca","twitter_card":"summary_large_image","twitter_misc":{"Written by":"Asociaci\u00f3n de Empresas de Hosteler\u00eda de Torrevieja y Comarca","Estimated reading time":"3 minutes"},"schema":{"@context":"https:\/\/schema.org","@graph":[{"@type":"Article","@id":"https:\/\/www.torreviejagastronomica.com\/convocatoria-de-ayudas-turisme-comunitat-valenciana-de-impulso-a-la-competitividad-turistica-para-el-ano-2023\/#article","isPartOf":{"@id":"https:\/\/www.torreviejagastronomica.com\/convocatoria-de-ayudas-turisme-comunitat-valenciana-de-impulso-a-la-competitividad-turistica-para-el-ano-2023\/"},"author":{"name":"Asociaci\u00f3n de Empresas de Hosteler\u00eda de Torrevieja y Comarca","@id":"https:\/\/www.torreviejagastronomica.com\/#\/schema\/person\/9e0116f808f941d46f9baadf5335f0a9"},"headline":"CONVOCATORIA DE AYUDAS TURISME COMUNITAT VALENCIANA DE IMPULSO A LA COMPETITIVIDAD TUR\u00cdSTICA PARA EL A\u00d1O 2023","datePublished":"2023-05-12T11:57:48+00:00","mainEntityOfPage":{"@id":"https:\/\/www.torreviejagastronomica.com\/convocatoria-de-ayudas-turisme-comunitat-valenciana-de-impulso-a-la-competitividad-turistica-para-el-ano-2023\/"},"wordCount":545,"publisher":{"@id":"https:\/\/www.torreviejagastronomica.com\/#organization"},"image":{"@id":"https:\/\/www.torreviejagastronomica.com\/convocatoria-de-ayudas-turisme-comunitat-valenciana-de-impulso-a-la-competitividad-turistica-para-el-ano-2023\/#primaryimage"},"thumbnailUrl":"https:\/\/www.torreviejagastronomica.com\/wp-content\/uploads\/2023\/05\/Captura-10.jpg","articleSection":["Eventos"],"inLanguage":"en-GB"},{"@type":"WebPage","@id":"https:\/\/www.torreviejagastronomica.com\/convocatoria-de-ayudas-turisme-comunitat-valenciana-de-impulso-a-la-competitividad-turistica-para-el-ano-2023\/","url":"https:\/\/www.torreviejagastronomica.com\/convocatoria-de-ayudas-turisme-comunitat-valenciana-de-impulso-a-la-competitividad-turistica-para-el-ano-2023\/","name":"CONVOCATORIA DE AYUDAS TURISME COMUNITAT VALENCIANA DE IMPULSO A LA COMPETITIVIDAD TUR\u00cdSTICA PARA EL A\u00d1O 2023 - Torrevieja Gastron\u00f3mica","isPartOf":{"@id":"https:\/\/www.torreviejagastronomica.com\/#website"},"primaryImageOfPage":{"@id":"https:\/\/www.torreviejagastronomica.com\/convocatoria-de-ayudas-turisme-comunitat-valenciana-de-impulso-a-la-competitividad-turistica-para-el-ano-2023\/#primaryimage"},"image":{"@id":"https:\/\/www.torreviejagastronomica.com\/convocatoria-de-ayudas-turisme-comunitat-valenciana-de-impulso-a-la-competitividad-turistica-para-el-ano-2023\/#primaryimage"},"thumbnailUrl":"https:\/\/www.torreviejagastronomica.com\/wp-content\/uploads\/2023\/05\/Captura-10.jpg","datePublished":"2023-05-12T11:57:48+00:00","breadcrumb":{"@id":"https:\/\/www.torreviejagastronomica.com\/convocatoria-de-ayudas-turisme-comunitat-valenciana-de-impulso-a-la-competitividad-turistica-para-el-ano-2023\/#breadcrumb"},"inLanguage":"en-GB","potentialAction":[{"@type":"ReadAction","target":["https:\/\/www.torreviejagastronomica.com\/convocatoria-de-ayudas-turisme-comunitat-valenciana-de-impulso-a-la-competitividad-turistica-para-el-ano-2023\/"]}]},{"@type":"ImageObject","inLanguage":"en-GB","@id":"https:\/\/www.torreviejagastronomica.com\/convocatoria-de-ayudas-turisme-comunitat-valenciana-de-impulso-a-la-competitividad-turistica-para-el-ano-2023\/#primaryimage","url":"https:\/\/www.torreviejagastronomica.com\/wp-content\/uploads\/2023\/05\/Captura-10.jpg","contentUrl":"https:\/\/www.torreviejagastronomica.com\/wp-content\/uploads\/2023\/05\/Captura-10.jpg","width":977,"height":462},{"@type":"BreadcrumbList","@id":"https:\/\/www.torreviejagastronomica.com\/convocatoria-de-ayudas-turisme-comunitat-valenciana-de-impulso-a-la-competitividad-turistica-para-el-ano-2023\/#breadcrumb","itemListElement":[{"@type":"ListItem","position":1,"name":"Portada","item":"https:\/\/www.torreviejagastronomica.com\/"},{"@type":"ListItem","position":2,"name":"CONVOCATORIA DE AYUDAS TURISME COMUNITAT VALENCIANA DE IMPULSO A LA COMPETITIVIDAD TUR\u00cdSTICA PARA EL A\u00d1O 2023"}]},{"@type":"WebSite","@id":"https:\/\/www.torreviejagastronomica.com\/#website","url":"https:\/\/www.torreviejagastronomica.com\/","name":"Torrevieja Gastron\u00f3mica","description":"Asociaci\u00f3n Hosteler\u00eda Torrevieja y Comarca","publisher":{"@id":"https:\/\/www.torreviejagastronomica.com\/#organization"},"potentialAction":[{"@type":"SearchAction","target":{"@type":"EntryPoint","urlTemplate":"https:\/\/www.torreviejagastronomica.com\/?s={search_term_string}"},"query-input":{"@type":"PropertyValueSpecification","valueRequired":true,"valueName":"search_term_string"}}],"inLanguage":"en-GB"},{"@type":"Organization","@id":"https:\/\/www.torreviejagastronomica.com\/#organization","name":"Torrevieja Gastron\u00f3mica","url":"https:\/\/www.torreviejagastronomica.com\/","logo":{"@type":"ImageObject","inLanguage":"en-GB","@id":"https:\/\/www.torreviejagastronomica.com\/#\/schema\/logo\/image\/","url":"https:\/\/www.torreviejagastronomica.com\/wp-content\/uploads\/2023\/09\/Logo-Torrevieja-Gastronomica.png","contentUrl":"https:\/\/www.torreviejagastronomica.com\/wp-content\/uploads\/2023\/09\/Logo-Torrevieja-Gastronomica.png","width":350,"height":100,"caption":"Torrevieja Gastron\u00f3mica"},"image":{"@id":"https:\/\/www.torreviejagastronomica.com\/#\/schema\/logo\/image\/"}},{"@type":"Person","@id":"https:\/\/www.torreviejagastronomica.com\/#\/schema\/person\/9e0116f808f941d46f9baadf5335f0a9","name":"Asociaci\u00f3n de Empresas de Hosteler\u00eda de Torrevieja y Comarca","image":{"@type":"ImageObject","inLanguage":"en-GB","@id":"https:\/\/www.torreviejagastronomica.com\/#\/schema\/person\/image\/","url":"https:\/\/secure.gravatar.com\/avatar\/32ba6ba6e685fc061412a65c4a8a8b6caaf6d90d0985a737a4015d36e84d2d1f?s=96&d=mm&r=g","contentUrl":"https:\/\/secure.gravatar.com\/avatar\/32ba6ba6e685fc061412a65c4a8a8b6caaf6d90d0985a737a4015d36e84d2d1f?s=96&d=mm&r=g","caption":"Asociaci\u00f3n de Empresas de Hosteler\u00eda de Torrevieja y Comarca"},"url":"https:\/\/www.torreviejagastronomica.com\/en\/author\/hosteleria\/"}]}},"_links":{"self":[{"href":"https:\/\/www.torreviejagastronomica.com\/en\/wp-json\/wp\/v2\/posts\/3359","targetHints":{"allow":["GET"]}}],"collection":[{"href":"https:\/\/www.torreviejagastronomica.com\/en\/wp-json\/wp\/v2\/posts"}],"about":[{"href":"https:\/\/www.torreviejagastronomica.com\/en\/wp-json\/wp\/v2\/types\/post"}],"author":[{"embeddable":true,"href":"https:\/\/www.torreviejagastronomica.com\/en\/wp-json\/wp\/v2\/users\/4"}],"replies":[{"embeddable":true,"href":"https:\/\/www.torreviejagastronomica.com\/en\/wp-json\/wp\/v2\/comments?post=3359"}],"version-history":[{"count":0,"href":"https:\/\/www.torreviejagastronomica.com\/en\/wp-json\/wp\/v2\/posts\/3359\/revisions"}],"wp:featuredmedia":[{"embeddable":true,"href":"https:\/\/www.torreviejagastronomica.com\/en\/wp-json\/wp\/v2\/media\/3391"}],"wp:attachment":[{"href":"https:\/\/www.torreviejagastronomica.com\/en\/wp-json\/wp\/v2\/media?parent=3359"}],"wp:term":[{"taxonomy":"category","embeddable":true,"href":"https:\/\/www.torreviejagastronomica.com\/en\/wp-json\/wp\/v2\/categories?post=3359"},{"taxonomy":"post_tag","embeddable":true,"href":"https:\/\/www.torreviejagastronomica.com\/en\/wp-json\/wp\/v2\/tags?post=3359"}],"curies":[{"name":"wp","href":"https:\/\/api.w.org\/{rel}","templated":true}]}}