{"id":333,"date":"2013-01-16T09:27:10","date_gmt":"2013-01-16T09:27:10","guid":{"rendered":"http:\/\/www.torreviejagastronomica.com\/?p=246"},"modified":"2013-01-16T09:27:10","modified_gmt":"2013-01-16T09:27:10","slug":"la-asociacion-de-hosteleria-se-lanza-en-busca-del-publico-joven-los-jueves","status":"publish","type":"post","link":"https:\/\/www.torreviejagastronomica.com\/en\/la-asociacion-de-hosteleria-se-lanza-en-busca-del-publico-joven-los-jueves\/","title":{"rendered":"The Hotel and Catering Association is going in search of a young audience on Thursdays."},"content":{"rendered":"<p><strong><em>Source: \"<a title=\"laverdad.es\" href=\"http:\/\/www.laverdad.es\/alicante\/v\/20130116\/torrevieja\/asociacion-hosteleria-lanza-busca-20130116.html\" target=\"_blank\" rel=\"noopener\">laverdad.es<\/a>\"<\/em><\/strong><\/p>\n<p><strong>They present a new weekly route campaign that will take place until 21 March under the name 'Tapas Thursday', at a price of 2 euros.<\/strong><\/p>\n<p style=\"text-align: justify;\">From tomorrow until 21 March, forty establishments members of the Association of Hospitality Businessmen of Torrevieja and Region join together to carry out a new initiative that, despite having certain similarities with the routes of the cover, is well differentiated under the name of 'Tapas Thursday'. The councillor of Commerce and Hospitality, Agustina Esteve, accompanied by the vice president of the Association of Hospitality Businessmen of Torrevieja and Shire, Luis Miguel Blanco, and the treasurer of the association, Luis Miguel Rodriguez, were responsible for unveiling yesterday the details of this new initiative.<\/p>\n<p style=\"text-align: justify;\">One of the main objectives is to attract young people, who are increasingly going out on this day to kick-start the weekend. They also aim to promote tapas in the city at very interesting prices, with a clear focus on promoting the traditional and regular tapas of the participating bars and restaurants. In addition, all those who enjoy this initiative carried out by the City Council and the hotel and catering association will be able to take part in a draw to win a trip for two, by means of ballots that will be handed out in the bars and restaurants. The winner will be the person who matches the winning number in the National Lottery draw on 30 March. The hotel and catering representatives are considering three possibilities for this prize. The lucky winners will be able to choose between a cruise, a trip to Tenerife or a trip that would include a visit to a winery.<\/p>\n<p style=\"text-align: justify;\">The vice-president of the hotel and catering collective pointed out that this initiative has been designed with the associated bars and restaurants in mind, and that although this first edition is already closed, the intention is to organise new offers of this type at other times of the year. He also pointed out that thanks to this activity they are going to try to achieve \"the habit of tapas, within a wide range of possibilities, which should highlight an increase in the quality and variety of the product\". For this first edition of 'Jueves tapas', the hotel and catering trade has been able to count on the collaboration of the Mahou brewery, which is sponsoring a large part of the infrastructure and logistics of the event. Naturally, the ingredient that accompanies the tapa is a fifth of beer for the total price of two euros, although customers will also be able to choose from other drinks, at the discretion of the particular establishment.<\/p>\n<p style=\"text-align: justify;\">Another important issue is the timetable, which will be free for each establishment registered on the route, and the choice of tapas will depend on the criteria of each participating kitchen.<\/p>\n<p style=\"text-align: justify;\">The Hotel and Catering Association is planning to develop another series of activities, with a view to relaunching the sector and its associates, such as the Rice Week, which, according to the president of the organisation, Jos\u00e9 Antonio Lozano, could be officially announced during the next celebration in Madrid of the tourism fair, Fitur, where a representation from Torrevieja will be present.<\/p>","protected":false},"excerpt":{"rendered":"<p>Source: \"laverdad.es\" They present a new campaign of weekly route that will take place until March 21 under the name of 'Tapas Thursday', at the price of 2 euros From tomorrow until March 21, forty establishments members of the Association of Entrepreneurs of the Hospitality Industry of Torrevieja and Region join together to bring [...]<\/p>","protected":false},"author":3,"featured_media":250,"comment_status":"closed","ping_status":"open","sticky":false,"template":"","format":"standard","meta":{"footnotes":""},"categories":[24,8],"tags":[23,12,25,20,26],"class_list":["post-333","post","type-post","status-publish","format-standard","has-post-thumbnail","hentry","category-bares-y-restaurantes","category-eventos","tag-asociacion-hosteleria","tag-cervezas","tag-rutas","tag-tapas","tag-torrevieja"],"yoast_head":"<!-- This site is optimized with the Yoast SEO plugin v25.7 - https:\/\/yoast.com\/wordpress\/plugins\/seo\/ -->\n<title>La Asociaci\u00f3n de Hosteler\u00eda se lanza en busca del p\u00fablico joven los jueves. - Torrevieja Gastron\u00f3mica<\/title>\n<meta name=\"robots\" content=\"index, follow, max-snippet:-1, max-image-preview:large, max-video-preview:-1\" \/>\n<link rel=\"canonical\" href=\"https:\/\/www.torreviejagastronomica.com\/en\/la-asociacion-de-hosteleria-se-lanza-en-busca-del-publico-joven-los-jueves\/\" \/>\n<meta property=\"og:locale\" content=\"en_GB\" \/>\n<meta property=\"og:type\" content=\"article\" \/>\n<meta property=\"og:title\" content=\"La Asociaci\u00f3n de Hosteler\u00eda se lanza en busca del p\u00fablico joven los jueves. - Torrevieja Gastron\u00f3mica\" \/>\n<meta property=\"og:description\" content=\"Fuente: \u00ablaverdad.es\u00ab Presentan una nueva campa\u00f1a de ruta semanal que tendr\u00e1 lugar hasta el 21 de marzo bajo el nombre de &#8216;Tapas jueves&#8217;, al precio de 2 euros Desde ma\u00f1ana y hasta el 21 de marzo, cuarenta establecimientos miembros de la Asociaci\u00f3n de Empresarios de la Hosteler\u00eda de Torrevieja y Comarca se unen para llevar [&hellip;]\" \/>\n<meta property=\"og:url\" content=\"https:\/\/www.torreviejagastronomica.com\/en\/la-asociacion-de-hosteleria-se-lanza-en-busca-del-publico-joven-los-jueves\/\" \/>\n<meta property=\"og:site_name\" content=\"Torrevieja Gastron\u00f3mica\" \/>\n<meta property=\"article:published_time\" content=\"2013-01-16T09:27:10+00:00\" \/>\n<meta property=\"og:image\" content=\"https:\/\/www.torreviejagastronomica.com\/wp-content\/uploads\/2013\/01\/juevestapaslaverdad.jpg\" \/>\n\t<meta property=\"og:image:width\" content=\"300\" \/>\n\t<meta property=\"og:image:height\" content=\"251\" \/>\n\t<meta property=\"og:image:type\" content=\"image\/jpeg\" \/>\n<meta name=\"author\" content=\"admin\" \/>\n<meta name=\"twitter:card\" content=\"summary_large_image\" \/>\n<meta name=\"twitter:label1\" content=\"Written by\" \/>\n\t<meta name=\"twitter:data1\" content=\"admin\" \/>\n\t<meta name=\"twitter:label2\" content=\"Estimated reading time\" \/>\n\t<meta name=\"twitter:data2\" content=\"3 minutes\" \/>\n<script type=\"application\/ld+json\" class=\"yoast-schema-graph\">{\"@context\":\"https:\/\/schema.org\",\"@graph\":[{\"@type\":\"Article\",\"@id\":\"https:\/\/www.torreviejagastronomica.com\/la-asociacion-de-hosteleria-se-lanza-en-busca-del-publico-joven-los-jueves\/#article\",\"isPartOf\":{\"@id\":\"https:\/\/www.torreviejagastronomica.com\/la-asociacion-de-hosteleria-se-lanza-en-busca-del-publico-joven-los-jueves\/\"},\"author\":{\"name\":\"admin\",\"@id\":\"https:\/\/www.torreviejagastronomica.com\/#\/schema\/person\/43c1ae0a05eb24e94513f69078cd11a7\"},\"headline\":\"La Asociaci\u00f3n de Hosteler\u00eda se lanza en busca del p\u00fablico joven los jueves.\",\"datePublished\":\"2013-01-16T09:27:10+00:00\",\"mainEntityOfPage\":{\"@id\":\"https:\/\/www.torreviejagastronomica.com\/la-asociacion-de-hosteleria-se-lanza-en-busca-del-publico-joven-los-jueves\/\"},\"wordCount\":592,\"publisher\":{\"@id\":\"https:\/\/www.torreviejagastronomica.com\/#organization\"},\"image\":{\"@id\":\"https:\/\/www.torreviejagastronomica.com\/la-asociacion-de-hosteleria-se-lanza-en-busca-del-publico-joven-los-jueves\/#primaryimage\"},\"thumbnailUrl\":\"https:\/\/www.torreviejagastronomica.com\/wp-content\/uploads\/2013\/01\/juevestapaslaverdad.jpg\",\"keywords\":[\"asociaci\u00f3n hosteler\u00eda\",\"cervezas\",\"rutas\",\"tapas\",\"torrevieja\"],\"articleSection\":[\"Bares y Restaurantes\",\"Eventos\"],\"inLanguage\":\"en-GB\"},{\"@type\":\"WebPage\",\"@id\":\"https:\/\/www.torreviejagastronomica.com\/la-asociacion-de-hosteleria-se-lanza-en-busca-del-publico-joven-los-jueves\/\",\"url\":\"https:\/\/www.torreviejagastronomica.com\/la-asociacion-de-hosteleria-se-lanza-en-busca-del-publico-joven-los-jueves\/\",\"name\":\"La Asociaci\u00f3n de Hosteler\u00eda se lanza en busca del p\u00fablico joven los jueves. - Torrevieja Gastron\u00f3mica\",\"isPartOf\":{\"@id\":\"https:\/\/www.torreviejagastronomica.com\/#website\"},\"primaryImageOfPage\":{\"@id\":\"https:\/\/www.torreviejagastronomica.com\/la-asociacion-de-hosteleria-se-lanza-en-busca-del-publico-joven-los-jueves\/#primaryimage\"},\"image\":{\"@id\":\"https:\/\/www.torreviejagastronomica.com\/la-asociacion-de-hosteleria-se-lanza-en-busca-del-publico-joven-los-jueves\/#primaryimage\"},\"thumbnailUrl\":\"https:\/\/www.torreviejagastronomica.com\/wp-content\/uploads\/2013\/01\/juevestapaslaverdad.jpg\",\"datePublished\":\"2013-01-16T09:27:10+00:00\",\"breadcrumb\":{\"@id\":\"https:\/\/www.torreviejagastronomica.com\/la-asociacion-de-hosteleria-se-lanza-en-busca-del-publico-joven-los-jueves\/#breadcrumb\"},\"inLanguage\":\"en-GB\",\"potentialAction\":[{\"@type\":\"ReadAction\",\"target\":[\"https:\/\/www.torreviejagastronomica.com\/la-asociacion-de-hosteleria-se-lanza-en-busca-del-publico-joven-los-jueves\/\"]}]},{\"@type\":\"ImageObject\",\"inLanguage\":\"en-GB\",\"@id\":\"https:\/\/www.torreviejagastronomica.com\/la-asociacion-de-hosteleria-se-lanza-en-busca-del-publico-joven-los-jueves\/#primaryimage\",\"url\":\"https:\/\/www.torreviejagastronomica.com\/wp-content\/uploads\/2013\/01\/juevestapaslaverdad.jpg\",\"contentUrl\":\"https:\/\/www.torreviejagastronomica.com\/wp-content\/uploads\/2013\/01\/juevestapaslaverdad.jpg\",\"width\":300,\"height\":251,\"caption\":\"Presentaci\u00f3n Jueves Tapas Torrevieja\"},{\"@type\":\"BreadcrumbList\",\"@id\":\"https:\/\/www.torreviejagastronomica.com\/la-asociacion-de-hosteleria-se-lanza-en-busca-del-publico-joven-los-jueves\/#breadcrumb\",\"itemListElement\":[{\"@type\":\"ListItem\",\"position\":1,\"name\":\"Portada\",\"item\":\"https:\/\/www.torreviejagastronomica.com\/\"},{\"@type\":\"ListItem\",\"position\":2,\"name\":\"La Asociaci\u00f3n de Hosteler\u00eda se lanza en busca del p\u00fablico joven los jueves.\"}]},{\"@type\":\"WebSite\",\"@id\":\"https:\/\/www.torreviejagastronomica.com\/#website\",\"url\":\"https:\/\/www.torreviejagastronomica.com\/\",\"name\":\"Torrevieja Gastron\u00f3mica\",\"description\":\"Asociaci\u00f3n Hosteler\u00eda Torrevieja y Comarca\",\"publisher\":{\"@id\":\"https:\/\/www.torreviejagastronomica.com\/#organization\"},\"potentialAction\":[{\"@type\":\"SearchAction\",\"target\":{\"@type\":\"EntryPoint\",\"urlTemplate\":\"https:\/\/www.torreviejagastronomica.com\/?s={search_term_string}\"},\"query-input\":{\"@type\":\"PropertyValueSpecification\",\"valueRequired\":true,\"valueName\":\"search_term_string\"}}],\"inLanguage\":\"en-GB\"},{\"@type\":\"Organization\",\"@id\":\"https:\/\/www.torreviejagastronomica.com\/#organization\",\"name\":\"Torrevieja Gastron\u00f3mica\",\"url\":\"https:\/\/www.torreviejagastronomica.com\/\",\"logo\":{\"@type\":\"ImageObject\",\"inLanguage\":\"en-GB\",\"@id\":\"https:\/\/www.torreviejagastronomica.com\/#\/schema\/logo\/image\/\",\"url\":\"https:\/\/www.torreviejagastronomica.com\/wp-content\/uploads\/2023\/09\/Logo-Torrevieja-Gastronomica.png\",\"contentUrl\":\"https:\/\/www.torreviejagastronomica.com\/wp-content\/uploads\/2023\/09\/Logo-Torrevieja-Gastronomica.png\",\"width\":350,\"height\":100,\"caption\":\"Torrevieja Gastron\u00f3mica\"},\"image\":{\"@id\":\"https:\/\/www.torreviejagastronomica.com\/#\/schema\/logo\/image\/\"}},{\"@type\":\"Person\",\"@id\":\"https:\/\/www.torreviejagastronomica.com\/#\/schema\/person\/43c1ae0a05eb24e94513f69078cd11a7\",\"name\":\"admin\",\"image\":{\"@type\":\"ImageObject\",\"inLanguage\":\"en-GB\",\"@id\":\"https:\/\/www.torreviejagastronomica.com\/#\/schema\/person\/image\/\",\"url\":\"https:\/\/secure.gravatar.com\/avatar\/6497fb95944786a8c3310104dbce94031a7dee2c3b2645b425bfeeec49855f50?s=96&d=mm&r=g\",\"contentUrl\":\"https:\/\/secure.gravatar.com\/avatar\/6497fb95944786a8c3310104dbce94031a7dee2c3b2645b425bfeeec49855f50?s=96&d=mm&r=g\",\"caption\":\"admin\"},\"url\":\"https:\/\/www.torreviejagastronomica.com\/en\/author\/admin\/\"}]}<\/script>\n<!-- \/ Yoast SEO plugin. -->","yoast_head_json":{"title":"La Asociaci\u00f3n de Hosteler\u00eda se lanza en busca del p\u00fablico joven los jueves. - Torrevieja Gastron\u00f3mica","robots":{"index":"index","follow":"follow","max-snippet":"max-snippet:-1","max-image-preview":"max-image-preview:large","max-video-preview":"max-video-preview:-1"},"canonical":"https:\/\/www.torreviejagastronomica.com\/en\/la-asociacion-de-hosteleria-se-lanza-en-busca-del-publico-joven-los-jueves\/","og_locale":"en_GB","og_type":"article","og_title":"La Asociaci\u00f3n de Hosteler\u00eda se lanza en busca del p\u00fablico joven los jueves. - Torrevieja Gastron\u00f3mica","og_description":"Fuente: \u00ablaverdad.es\u00ab Presentan una nueva campa\u00f1a de ruta semanal que tendr\u00e1 lugar hasta el 21 de marzo bajo el nombre de &#8216;Tapas jueves&#8217;, al precio de 2 euros Desde ma\u00f1ana y hasta el 21 de marzo, cuarenta establecimientos miembros de la Asociaci\u00f3n de Empresarios de la Hosteler\u00eda de Torrevieja y Comarca se unen para llevar [&hellip;]","og_url":"https:\/\/www.torreviejagastronomica.com\/en\/la-asociacion-de-hosteleria-se-lanza-en-busca-del-publico-joven-los-jueves\/","og_site_name":"Torrevieja Gastron\u00f3mica","article_published_time":"2013-01-16T09:27:10+00:00","og_image":[{"width":300,"height":251,"url":"https:\/\/www.torreviejagastronomica.com\/wp-content\/uploads\/2013\/01\/juevestapaslaverdad.jpg","type":"image\/jpeg"}],"author":"admin","twitter_card":"summary_large_image","twitter_misc":{"Written by":"admin","Estimated reading time":"3 minutes"},"schema":{"@context":"https:\/\/schema.org","@graph":[{"@type":"Article","@id":"https:\/\/www.torreviejagastronomica.com\/la-asociacion-de-hosteleria-se-lanza-en-busca-del-publico-joven-los-jueves\/#article","isPartOf":{"@id":"https:\/\/www.torreviejagastronomica.com\/la-asociacion-de-hosteleria-se-lanza-en-busca-del-publico-joven-los-jueves\/"},"author":{"name":"admin","@id":"https:\/\/www.torreviejagastronomica.com\/#\/schema\/person\/43c1ae0a05eb24e94513f69078cd11a7"},"headline":"La Asociaci\u00f3n de Hosteler\u00eda se lanza en busca del p\u00fablico joven los jueves.","datePublished":"2013-01-16T09:27:10+00:00","mainEntityOfPage":{"@id":"https:\/\/www.torreviejagastronomica.com\/la-asociacion-de-hosteleria-se-lanza-en-busca-del-publico-joven-los-jueves\/"},"wordCount":592,"publisher":{"@id":"https:\/\/www.torreviejagastronomica.com\/#organization"},"image":{"@id":"https:\/\/www.torreviejagastronomica.com\/la-asociacion-de-hosteleria-se-lanza-en-busca-del-publico-joven-los-jueves\/#primaryimage"},"thumbnailUrl":"https:\/\/www.torreviejagastronomica.com\/wp-content\/uploads\/2013\/01\/juevestapaslaverdad.jpg","keywords":["asociaci\u00f3n hosteler\u00eda","cervezas","rutas","tapas","torrevieja"],"articleSection":["Bares y Restaurantes","Eventos"],"inLanguage":"en-GB"},{"@type":"WebPage","@id":"https:\/\/www.torreviejagastronomica.com\/la-asociacion-de-hosteleria-se-lanza-en-busca-del-publico-joven-los-jueves\/","url":"https:\/\/www.torreviejagastronomica.com\/la-asociacion-de-hosteleria-se-lanza-en-busca-del-publico-joven-los-jueves\/","name":"La Asociaci\u00f3n de Hosteler\u00eda se lanza en busca del p\u00fablico joven los jueves. - Torrevieja Gastron\u00f3mica","isPartOf":{"@id":"https:\/\/www.torreviejagastronomica.com\/#website"},"primaryImageOfPage":{"@id":"https:\/\/www.torreviejagastronomica.com\/la-asociacion-de-hosteleria-se-lanza-en-busca-del-publico-joven-los-jueves\/#primaryimage"},"image":{"@id":"https:\/\/www.torreviejagastronomica.com\/la-asociacion-de-hosteleria-se-lanza-en-busca-del-publico-joven-los-jueves\/#primaryimage"},"thumbnailUrl":"https:\/\/www.torreviejagastronomica.com\/wp-content\/uploads\/2013\/01\/juevestapaslaverdad.jpg","datePublished":"2013-01-16T09:27:10+00:00","breadcrumb":{"@id":"https:\/\/www.torreviejagastronomica.com\/la-asociacion-de-hosteleria-se-lanza-en-busca-del-publico-joven-los-jueves\/#breadcrumb"},"inLanguage":"en-GB","potentialAction":[{"@type":"ReadAction","target":["https:\/\/www.torreviejagastronomica.com\/la-asociacion-de-hosteleria-se-lanza-en-busca-del-publico-joven-los-jueves\/"]}]},{"@type":"ImageObject","inLanguage":"en-GB","@id":"https:\/\/www.torreviejagastronomica.com\/la-asociacion-de-hosteleria-se-lanza-en-busca-del-publico-joven-los-jueves\/#primaryimage","url":"https:\/\/www.torreviejagastronomica.com\/wp-content\/uploads\/2013\/01\/juevestapaslaverdad.jpg","contentUrl":"https:\/\/www.torreviejagastronomica.com\/wp-content\/uploads\/2013\/01\/juevestapaslaverdad.jpg","width":300,"height":251,"caption":"Presentaci\u00f3n Jueves Tapas Torrevieja"},{"@type":"BreadcrumbList","@id":"https:\/\/www.torreviejagastronomica.com\/la-asociacion-de-hosteleria-se-lanza-en-busca-del-publico-joven-los-jueves\/#breadcrumb","itemListElement":[{"@type":"ListItem","position":1,"name":"Portada","item":"https:\/\/www.torreviejagastronomica.com\/"},{"@type":"ListItem","position":2,"name":"La Asociaci\u00f3n de Hosteler\u00eda se lanza en busca del p\u00fablico joven los jueves."}]},{"@type":"WebSite","@id":"https:\/\/www.torreviejagastronomica.com\/#website","url":"https:\/\/www.torreviejagastronomica.com\/","name":"Torrevieja Gastron\u00f3mica","description":"Asociaci\u00f3n Hosteler\u00eda Torrevieja y Comarca","publisher":{"@id":"https:\/\/www.torreviejagastronomica.com\/#organization"},"potentialAction":[{"@type":"SearchAction","target":{"@type":"EntryPoint","urlTemplate":"https:\/\/www.torreviejagastronomica.com\/?s={search_term_string}"},"query-input":{"@type":"PropertyValueSpecification","valueRequired":true,"valueName":"search_term_string"}}],"inLanguage":"en-GB"},{"@type":"Organization","@id":"https:\/\/www.torreviejagastronomica.com\/#organization","name":"Torrevieja Gastron\u00f3mica","url":"https:\/\/www.torreviejagastronomica.com\/","logo":{"@type":"ImageObject","inLanguage":"en-GB","@id":"https:\/\/www.torreviejagastronomica.com\/#\/schema\/logo\/image\/","url":"https:\/\/www.torreviejagastronomica.com\/wp-content\/uploads\/2023\/09\/Logo-Torrevieja-Gastronomica.png","contentUrl":"https:\/\/www.torreviejagastronomica.com\/wp-content\/uploads\/2023\/09\/Logo-Torrevieja-Gastronomica.png","width":350,"height":100,"caption":"Torrevieja Gastron\u00f3mica"},"image":{"@id":"https:\/\/www.torreviejagastronomica.com\/#\/schema\/logo\/image\/"}},{"@type":"Person","@id":"https:\/\/www.torreviejagastronomica.com\/#\/schema\/person\/43c1ae0a05eb24e94513f69078cd11a7","name":"admin","image":{"@type":"ImageObject","inLanguage":"en-GB","@id":"https:\/\/www.torreviejagastronomica.com\/#\/schema\/person\/image\/","url":"https:\/\/secure.gravatar.com\/avatar\/6497fb95944786a8c3310104dbce94031a7dee2c3b2645b425bfeeec49855f50?s=96&d=mm&r=g","contentUrl":"https:\/\/secure.gravatar.com\/avatar\/6497fb95944786a8c3310104dbce94031a7dee2c3b2645b425bfeeec49855f50?s=96&d=mm&r=g","caption":"admin"},"url":"https:\/\/www.torreviejagastronomica.com\/en\/author\/admin\/"}]}},"_links":{"self":[{"href":"https:\/\/www.torreviejagastronomica.com\/en\/wp-json\/wp\/v2\/posts\/333","targetHints":{"allow":["GET"]}}],"collection":[{"href":"https:\/\/www.torreviejagastronomica.com\/en\/wp-json\/wp\/v2\/posts"}],"about":[{"href":"https:\/\/www.torreviejagastronomica.com\/en\/wp-json\/wp\/v2\/types\/post"}],"author":[{"embeddable":true,"href":"https:\/\/www.torreviejagastronomica.com\/en\/wp-json\/wp\/v2\/users\/3"}],"replies":[{"embeddable":true,"href":"https:\/\/www.torreviejagastronomica.com\/en\/wp-json\/wp\/v2\/comments?post=333"}],"version-history":[{"count":0,"href":"https:\/\/www.torreviejagastronomica.com\/en\/wp-json\/wp\/v2\/posts\/333\/revisions"}],"wp:featuredmedia":[{"embeddable":true,"href":"https:\/\/www.torreviejagastronomica.com\/en\/wp-json\/wp\/v2\/media\/250"}],"wp:attachment":[{"href":"https:\/\/www.torreviejagastronomica.com\/en\/wp-json\/wp\/v2\/media?parent=333"}],"wp:term":[{"taxonomy":"category","embeddable":true,"href":"https:\/\/www.torreviejagastronomica.com\/en\/wp-json\/wp\/v2\/categories?post=333"},{"taxonomy":"post_tag","embeddable":true,"href":"https:\/\/www.torreviejagastronomica.com\/en\/wp-json\/wp\/v2\/tags?post=333"}],"curies":[{"name":"wp","href":"https:\/\/api.w.org\/{rel}","templated":true}]}}