{"id":3319,"date":"2023-05-10T08:03:36","date_gmt":"2023-05-10T08:03:36","guid":{"rendered":"https:\/\/www.torreviejagastronomica.com\/?p=3319"},"modified":"2023-05-10T08:03:36","modified_gmt":"2023-05-10T08:03:36","slug":"entregados-los-premios-al-publico-participante-de-la-1a-edicion-de-a-todo-tren","status":"publish","type":"post","link":"https:\/\/www.torreviejagastronomica.com\/en\/entregados-los-premios-al-publico-participante-de-la-1a-edicion-de-a-todo-tren\/","title":{"rendered":"PRIZES AWARDED TO THE PUBLIC PARTICIPATING IN THE 1ST EDITION OF !A TODO TREN! \ud83c\udf79\ud83c\udf78\ud83e\udd43\ud83c\udf70\ud83e\udd67"},"content":{"rendered":"<p><strong>TORREVIEJA (09-05-20). <\/strong><strong>Isabelle Maghe-Engher winner of \"her weight in Mahou beer\".<\/strong><\/p>\n\n\n\n<p>This morning, Bodegas Vera hosted the prize-giving ceremony for the 1st edition of \u00a1<strong>ALL TRAIN<\/strong>organised by the Association of Hotel and Catering Businesses of Torrevieja and Region. The event was attended by the president of the Association, Jos\u00e9 Ignacio Pastor, members of the Board of Directors, representatives of the company Vera Ma\u00f1ogil Hermanos and the area distributor of Mahou.<\/p>\n\n\n\n<p>In total, four prizes were awarded to the winners of the draws held on the Torrevieja Gastron\u00f3mica Facebook social network. <a href=\"https:\/\/www.facebook.com\/TorreviejaGastronomica\/\" data-type=\"URL\" data-id=\"https:\/\/www.facebook.com\/TorreviejaGastronomica\/\">https:\/\/www.facebook.com\/TorreviejaGastronomica\/<\/a>. The prizes and award winners were:<\/p>\n\n\n\n<ul class=\"wp-block-list\"><li>1 Ham a <strong>Juan Carlos Garc\u00eda Sala<\/strong><\/li><li>1 Ham a <strong>Francisco Javier Gonz\u00e1lez Calder\u00f3n<\/strong><\/li><li>1 Mobile phone, donated by Portal Web Torrevieja.com to <strong>Luc Van Rymenant<\/strong><\/li><li>\"Tu peso en Cerveza Mahou\", donated by the company Vera Ma\u00f1ogil Hermanos, official distributor of Mahou a <strong>Isabelle Maghe-Engher<\/strong><\/li><\/ul>\n\n\n\n<p>Jos\u00e9 Ignacio thanked the award winners for their participation in this gastronomic event. At the same time, he highlighted the quality of the tapas on offer, as well as the professionalism of the participating partner establishments. Likewise, Jos\u00e9 Ignacio thanked the different collaborating companies for their collaboration, making it possible to carry out these gastronomic initiatives.<\/p>\n\n\n\n<figure class=\"wp-block-gallery has-nested-images columns-default is-cropped wp-block-gallery-1 is-layout-flex wp-block-gallery-is-layout-flex\">\n<figure class=\"wp-block-image size-large\"><a href=\"https:\/\/www.torreviejagastronomica.com\/wp-content\/uploads\/2023\/05\/WhatsApp-Image-2023-05-10-at-09.07.17.jpeg\"><img fetchpriority=\"high\" decoding=\"async\" width=\"1024\" height=\"576\" data-id=\"3320\" src=\"https:\/\/www.torreviejagastronomica.com\/wp-content\/uploads\/2023\/05\/WhatsApp-Image-2023-05-10-at-09.07.17-1024x576.jpeg\" alt=\"\" class=\"wp-image-3320\" srcset=\"https:\/\/www.torreviejagastronomica.com\/wp-content\/uploads\/2023\/05\/WhatsApp-Image-2023-05-10-at-09.07.17-1024x576.jpeg 1024w, https:\/\/www.torreviejagastronomica.com\/wp-content\/uploads\/2023\/05\/WhatsApp-Image-2023-05-10-at-09.07.17-300x169.jpeg 300w, https:\/\/www.torreviejagastronomica.com\/wp-content\/uploads\/2023\/05\/WhatsApp-Image-2023-05-10-at-09.07.17-768x432.jpeg 768w, https:\/\/www.torreviejagastronomica.com\/wp-content\/uploads\/2023\/05\/WhatsApp-Image-2023-05-10-at-09.07.17-1536x864.jpeg 1536w, https:\/\/www.torreviejagastronomica.com\/wp-content\/uploads\/2023\/05\/WhatsApp-Image-2023-05-10-at-09.07.17.jpeg 2048w\" sizes=\"(max-width: 1024px) 100vw, 1024px\" \/><\/a><\/figure>\n<\/figure>\n\n\n\n<figure class=\"wp-block-gallery has-nested-images columns-default is-cropped wp-block-gallery-2 is-layout-flex wp-block-gallery-is-layout-flex\">\n<figure class=\"wp-block-image size-large\"><a href=\"https:\/\/www.torreviejagastronomica.com\/wp-content\/uploads\/2023\/05\/WhatsApp-Image-2023-05-10-at-09.07.17-1-1.jpeg\"><img decoding=\"async\" width=\"1024\" height=\"576\" data-id=\"3322\" src=\"https:\/\/www.torreviejagastronomica.com\/wp-content\/uploads\/2023\/05\/WhatsApp-Image-2023-05-10-at-09.07.17-1-1-1024x576.jpeg\" alt=\"\" class=\"wp-image-3322\" srcset=\"https:\/\/www.torreviejagastronomica.com\/wp-content\/uploads\/2023\/05\/WhatsApp-Image-2023-05-10-at-09.07.17-1-1-1024x576.jpeg 1024w, https:\/\/www.torreviejagastronomica.com\/wp-content\/uploads\/2023\/05\/WhatsApp-Image-2023-05-10-at-09.07.17-1-1-300x169.jpeg 300w, https:\/\/www.torreviejagastronomica.com\/wp-content\/uploads\/2023\/05\/WhatsApp-Image-2023-05-10-at-09.07.17-1-1-768x432.jpeg 768w, https:\/\/www.torreviejagastronomica.com\/wp-content\/uploads\/2023\/05\/WhatsApp-Image-2023-05-10-at-09.07.17-1-1-1536x864.jpeg 1536w, https:\/\/www.torreviejagastronomica.com\/wp-content\/uploads\/2023\/05\/WhatsApp-Image-2023-05-10-at-09.07.17-1-1.jpeg 2048w\" sizes=\"(max-width: 1024px) 100vw, 1024px\" \/><\/a><\/figure>\n<\/figure>\n\n\n\n<figure class=\"wp-block-gallery has-nested-images columns-default is-cropped wp-block-gallery-3 is-layout-flex wp-block-gallery-is-layout-flex\">\n<figure class=\"wp-block-image size-large\"><a href=\"https:\/\/www.torreviejagastronomica.com\/wp-content\/uploads\/2023\/05\/WhatsApp-Image-2023-05-10-at-09.07.18-1.jpeg\"><img decoding=\"async\" width=\"1024\" height=\"576\" data-id=\"3324\" src=\"https:\/\/www.torreviejagastronomica.com\/wp-content\/uploads\/2023\/05\/WhatsApp-Image-2023-05-10-at-09.07.18-1-1024x576.jpeg\" alt=\"\" class=\"wp-image-3324\" srcset=\"https:\/\/www.torreviejagastronomica.com\/wp-content\/uploads\/2023\/05\/WhatsApp-Image-2023-05-10-at-09.07.18-1-1024x576.jpeg 1024w, https:\/\/www.torreviejagastronomica.com\/wp-content\/uploads\/2023\/05\/WhatsApp-Image-2023-05-10-at-09.07.18-1-300x169.jpeg 300w, https:\/\/www.torreviejagastronomica.com\/wp-content\/uploads\/2023\/05\/WhatsApp-Image-2023-05-10-at-09.07.18-1-768x432.jpeg 768w, https:\/\/www.torreviejagastronomica.com\/wp-content\/uploads\/2023\/05\/WhatsApp-Image-2023-05-10-at-09.07.18-1-1536x864.jpeg 1536w, https:\/\/www.torreviejagastronomica.com\/wp-content\/uploads\/2023\/05\/WhatsApp-Image-2023-05-10-at-09.07.18-1.jpeg 2048w\" sizes=\"(max-width: 1024px) 100vw, 1024px\" \/><\/a><\/figure>\n<\/figure>\n\n\n\n<figure class=\"wp-block-image size-large\"><a href=\"https:\/\/www.torreviejagastronomica.com\/wp-content\/uploads\/2023\/05\/WhatsApp-Image-2023-05-10-at-09.07.18-2.jpeg\"><img loading=\"lazy\" decoding=\"async\" width=\"1024\" height=\"576\" src=\"https:\/\/www.torreviejagastronomica.com\/wp-content\/uploads\/2023\/05\/WhatsApp-Image-2023-05-10-at-09.07.18-2-1024x576.jpeg\" alt=\"\" class=\"wp-image-3325\" srcset=\"https:\/\/www.torreviejagastronomica.com\/wp-content\/uploads\/2023\/05\/WhatsApp-Image-2023-05-10-at-09.07.18-2-1024x576.jpeg 1024w, https:\/\/www.torreviejagastronomica.com\/wp-content\/uploads\/2023\/05\/WhatsApp-Image-2023-05-10-at-09.07.18-2-300x169.jpeg 300w, https:\/\/www.torreviejagastronomica.com\/wp-content\/uploads\/2023\/05\/WhatsApp-Image-2023-05-10-at-09.07.18-2-768x432.jpeg 768w, https:\/\/www.torreviejagastronomica.com\/wp-content\/uploads\/2023\/05\/WhatsApp-Image-2023-05-10-at-09.07.18-2-1536x864.jpeg 1536w, https:\/\/www.torreviejagastronomica.com\/wp-content\/uploads\/2023\/05\/WhatsApp-Image-2023-05-10-at-09.07.18-2.jpeg 2048w\" sizes=\"(max-width: 1024px) 100vw, 1024px\" \/><\/a><\/figure>\n\n\n\n<figure class=\"wp-block-gallery has-nested-images columns-default is-cropped wp-block-gallery-4 is-layout-flex wp-block-gallery-is-layout-flex\">\n<figure class=\"wp-block-image size-large\"><a href=\"https:\/\/www.torreviejagastronomica.com\/wp-content\/uploads\/2023\/05\/WhatsApp-Image-2023-05-10-at-09.07.18-3.jpeg\"><img loading=\"lazy\" decoding=\"async\" width=\"1024\" height=\"576\" data-id=\"3328\" src=\"https:\/\/www.torreviejagastronomica.com\/wp-content\/uploads\/2023\/05\/WhatsApp-Image-2023-05-10-at-09.07.18-3-1024x576.jpeg\" alt=\"\" class=\"wp-image-3328\" srcset=\"https:\/\/www.torreviejagastronomica.com\/wp-content\/uploads\/2023\/05\/WhatsApp-Image-2023-05-10-at-09.07.18-3-1024x576.jpeg 1024w, https:\/\/www.torreviejagastronomica.com\/wp-content\/uploads\/2023\/05\/WhatsApp-Image-2023-05-10-at-09.07.18-3-300x169.jpeg 300w, https:\/\/www.torreviejagastronomica.com\/wp-content\/uploads\/2023\/05\/WhatsApp-Image-2023-05-10-at-09.07.18-3-768x432.jpeg 768w, https:\/\/www.torreviejagastronomica.com\/wp-content\/uploads\/2023\/05\/WhatsApp-Image-2023-05-10-at-09.07.18-3-1536x864.jpeg 1536w, https:\/\/www.torreviejagastronomica.com\/wp-content\/uploads\/2023\/05\/WhatsApp-Image-2023-05-10-at-09.07.18-3.jpeg 2048w\" sizes=\"(max-width: 1024px) 100vw, 1024px\" \/><\/a><\/figure>\n<\/figure>","protected":false},"excerpt":{"rendered":"<p>TORREVIEJA (09-05-20). Isabelle Maghe-Engher winner of \"her weight in Mahou beer\" This morning, Bodegas Vera has hosted the awards ceremony for the public participating in the 1st Edition of A TODO TREN!, organized by the Association of Hotel and Catering Businesses of Torrevieja and Region. The ceremony was attended by the president of [...]<\/p>","protected":false},"author":4,"featured_media":3323,"comment_status":"closed","ping_status":"open","sticky":false,"template":"","format":"standard","meta":{"footnotes":""},"categories":[8],"tags":[],"class_list":["post-3319","post","type-post","status-publish","format-standard","has-post-thumbnail","hentry","category-eventos"],"yoast_head":"<!-- This site is optimized with the Yoast SEO plugin v25.7 - https:\/\/yoast.com\/wordpress\/plugins\/seo\/ -->\n<title>ENTREGADOS LOS PREMIOS AL P\u00daBLICO PARTICIPANTE DE LA 1\u00aa EDICI\u00d3N DE !A TODO TREN! \ud83c\udf79\ud83c\udf78\ud83e\udd43\ud83c\udf70\ud83e\udd67 - Torrevieja Gastron\u00f3mica<\/title>\n<meta name=\"robots\" content=\"index, follow, max-snippet:-1, max-image-preview:large, max-video-preview:-1\" \/>\n<link rel=\"canonical\" href=\"https:\/\/www.torreviejagastronomica.com\/en\/entregados-los-premios-al-publico-participante-de-la-1a-edicion-de-a-todo-tren\/\" \/>\n<meta property=\"og:locale\" content=\"en_GB\" \/>\n<meta property=\"og:type\" content=\"article\" \/>\n<meta property=\"og:title\" content=\"ENTREGADOS LOS PREMIOS AL P\u00daBLICO PARTICIPANTE DE LA 1\u00aa EDICI\u00d3N DE !A TODO TREN! \ud83c\udf79\ud83c\udf78\ud83e\udd43\ud83c\udf70\ud83e\udd67 - Torrevieja Gastron\u00f3mica\" \/>\n<meta property=\"og:description\" content=\"TORREVIEJA (09-05-20). Isabelle Maghe-Engher ganadora de \u201csu peso en cerveza Mahou\u201d En la ma\u00f1ana de hoy, Bodegas Vera ha acogido la entrega de los premios al p\u00fablico participante de la 1\u00aa Edici\u00f3n de \u00a1A TODO TREN!, organizado por la Asociaci\u00f3n de Empresas de Hosteler\u00eda de Torrevieja y Comarca. Al Acto han asistido el presidente de [&hellip;]\" \/>\n<meta property=\"og:url\" content=\"https:\/\/www.torreviejagastronomica.com\/en\/entregados-los-premios-al-publico-participante-de-la-1a-edicion-de-a-todo-tren\/\" \/>\n<meta property=\"og:site_name\" content=\"Torrevieja Gastron\u00f3mica\" \/>\n<meta property=\"article:published_time\" content=\"2023-05-10T08:03:36+00:00\" \/>\n<meta property=\"og:image\" content=\"https:\/\/www.torreviejagastronomica.com\/wp-content\/uploads\/2023\/05\/WhatsApp-Image-2023-05-10-at-09.07.18.jpeg\" \/>\n\t<meta property=\"og:image:width\" content=\"2048\" \/>\n\t<meta property=\"og:image:height\" content=\"1152\" \/>\n\t<meta property=\"og:image:type\" content=\"image\/jpeg\" \/>\n<meta name=\"author\" content=\"Asociaci\u00f3n de Empresas de Hosteler\u00eda de Torrevieja y Comarca\" \/>\n<meta name=\"twitter:card\" content=\"summary_large_image\" \/>\n<meta name=\"twitter:label1\" content=\"Written by\" \/>\n\t<meta name=\"twitter:data1\" content=\"Asociaci\u00f3n de Empresas de Hosteler\u00eda de Torrevieja y Comarca\" \/>\n\t<meta name=\"twitter:label2\" content=\"Estimated reading time\" \/>\n\t<meta name=\"twitter:data2\" content=\"1 minute\" \/>\n<script type=\"application\/ld+json\" class=\"yoast-schema-graph\">{\"@context\":\"https:\/\/schema.org\",\"@graph\":[{\"@type\":\"Article\",\"@id\":\"https:\/\/www.torreviejagastronomica.com\/entregados-los-premios-al-publico-participante-de-la-1a-edicion-de-a-todo-tren\/#article\",\"isPartOf\":{\"@id\":\"https:\/\/www.torreviejagastronomica.com\/entregados-los-premios-al-publico-participante-de-la-1a-edicion-de-a-todo-tren\/\"},\"author\":{\"name\":\"Asociaci\u00f3n de Empresas de Hosteler\u00eda de Torrevieja y Comarca\",\"@id\":\"https:\/\/www.torreviejagastronomica.com\/#\/schema\/person\/9e0116f808f941d46f9baadf5335f0a9\"},\"headline\":\"ENTREGADOS LOS PREMIOS AL P\u00daBLICO PARTICIPANTE DE LA 1\u00aa EDICI\u00d3N DE !A TODO TREN! \ud83c\udf79\ud83c\udf78\ud83e\udd43\ud83c\udf70\ud83e\udd67\",\"datePublished\":\"2023-05-10T08:03:36+00:00\",\"mainEntityOfPage\":{\"@id\":\"https:\/\/www.torreviejagastronomica.com\/entregados-los-premios-al-publico-participante-de-la-1a-edicion-de-a-todo-tren\/\"},\"wordCount\":252,\"publisher\":{\"@id\":\"https:\/\/www.torreviejagastronomica.com\/#organization\"},\"image\":{\"@id\":\"https:\/\/www.torreviejagastronomica.com\/entregados-los-premios-al-publico-participante-de-la-1a-edicion-de-a-todo-tren\/#primaryimage\"},\"thumbnailUrl\":\"https:\/\/www.torreviejagastronomica.com\/wp-content\/uploads\/2023\/05\/WhatsApp-Image-2023-05-10-at-09.07.18.jpeg\",\"articleSection\":[\"Eventos\"],\"inLanguage\":\"en-GB\"},{\"@type\":\"WebPage\",\"@id\":\"https:\/\/www.torreviejagastronomica.com\/entregados-los-premios-al-publico-participante-de-la-1a-edicion-de-a-todo-tren\/\",\"url\":\"https:\/\/www.torreviejagastronomica.com\/entregados-los-premios-al-publico-participante-de-la-1a-edicion-de-a-todo-tren\/\",\"name\":\"ENTREGADOS LOS PREMIOS AL P\u00daBLICO PARTICIPANTE DE LA 1\u00aa EDICI\u00d3N DE !A TODO TREN! \ud83c\udf79\ud83c\udf78\ud83e\udd43\ud83c\udf70\ud83e\udd67 - Torrevieja Gastron\u00f3mica\",\"isPartOf\":{\"@id\":\"https:\/\/www.torreviejagastronomica.com\/#website\"},\"primaryImageOfPage\":{\"@id\":\"https:\/\/www.torreviejagastronomica.com\/entregados-los-premios-al-publico-participante-de-la-1a-edicion-de-a-todo-tren\/#primaryimage\"},\"image\":{\"@id\":\"https:\/\/www.torreviejagastronomica.com\/entregados-los-premios-al-publico-participante-de-la-1a-edicion-de-a-todo-tren\/#primaryimage\"},\"thumbnailUrl\":\"https:\/\/www.torreviejagastronomica.com\/wp-content\/uploads\/2023\/05\/WhatsApp-Image-2023-05-10-at-09.07.18.jpeg\",\"datePublished\":\"2023-05-10T08:03:36+00:00\",\"breadcrumb\":{\"@id\":\"https:\/\/www.torreviejagastronomica.com\/entregados-los-premios-al-publico-participante-de-la-1a-edicion-de-a-todo-tren\/#breadcrumb\"},\"inLanguage\":\"en-GB\",\"potentialAction\":[{\"@type\":\"ReadAction\",\"target\":[\"https:\/\/www.torreviejagastronomica.com\/entregados-los-premios-al-publico-participante-de-la-1a-edicion-de-a-todo-tren\/\"]}]},{\"@type\":\"ImageObject\",\"inLanguage\":\"en-GB\",\"@id\":\"https:\/\/www.torreviejagastronomica.com\/entregados-los-premios-al-publico-participante-de-la-1a-edicion-de-a-todo-tren\/#primaryimage\",\"url\":\"https:\/\/www.torreviejagastronomica.com\/wp-content\/uploads\/2023\/05\/WhatsApp-Image-2023-05-10-at-09.07.18.jpeg\",\"contentUrl\":\"https:\/\/www.torreviejagastronomica.com\/wp-content\/uploads\/2023\/05\/WhatsApp-Image-2023-05-10-at-09.07.18.jpeg\",\"width\":2048,\"height\":1152},{\"@type\":\"BreadcrumbList\",\"@id\":\"https:\/\/www.torreviejagastronomica.com\/entregados-los-premios-al-publico-participante-de-la-1a-edicion-de-a-todo-tren\/#breadcrumb\",\"itemListElement\":[{\"@type\":\"ListItem\",\"position\":1,\"name\":\"Portada\",\"item\":\"https:\/\/www.torreviejagastronomica.com\/\"},{\"@type\":\"ListItem\",\"position\":2,\"name\":\"ENTREGADOS LOS PREMIOS AL P\u00daBLICO PARTICIPANTE DE LA 1\u00aa EDICI\u00d3N DE !A TODO TREN! \ud83c\udf79\ud83c\udf78\ud83e\udd43\ud83c\udf70\ud83e\udd67\"}]},{\"@type\":\"WebSite\",\"@id\":\"https:\/\/www.torreviejagastronomica.com\/#website\",\"url\":\"https:\/\/www.torreviejagastronomica.com\/\",\"name\":\"Torrevieja Gastron\u00f3mica\",\"description\":\"Asociaci\u00f3n Hosteler\u00eda Torrevieja y Comarca\",\"publisher\":{\"@id\":\"https:\/\/www.torreviejagastronomica.com\/#organization\"},\"potentialAction\":[{\"@type\":\"SearchAction\",\"target\":{\"@type\":\"EntryPoint\",\"urlTemplate\":\"https:\/\/www.torreviejagastronomica.com\/?s={search_term_string}\"},\"query-input\":{\"@type\":\"PropertyValueSpecification\",\"valueRequired\":true,\"valueName\":\"search_term_string\"}}],\"inLanguage\":\"en-GB\"},{\"@type\":\"Organization\",\"@id\":\"https:\/\/www.torreviejagastronomica.com\/#organization\",\"name\":\"Torrevieja Gastron\u00f3mica\",\"url\":\"https:\/\/www.torreviejagastronomica.com\/\",\"logo\":{\"@type\":\"ImageObject\",\"inLanguage\":\"en-GB\",\"@id\":\"https:\/\/www.torreviejagastronomica.com\/#\/schema\/logo\/image\/\",\"url\":\"https:\/\/www.torreviejagastronomica.com\/wp-content\/uploads\/2023\/09\/Logo-Torrevieja-Gastronomica.png\",\"contentUrl\":\"https:\/\/www.torreviejagastronomica.com\/wp-content\/uploads\/2023\/09\/Logo-Torrevieja-Gastronomica.png\",\"width\":350,\"height\":100,\"caption\":\"Torrevieja Gastron\u00f3mica\"},\"image\":{\"@id\":\"https:\/\/www.torreviejagastronomica.com\/#\/schema\/logo\/image\/\"}},{\"@type\":\"Person\",\"@id\":\"https:\/\/www.torreviejagastronomica.com\/#\/schema\/person\/9e0116f808f941d46f9baadf5335f0a9\",\"name\":\"Asociaci\u00f3n de Empresas de Hosteler\u00eda de Torrevieja y Comarca\",\"image\":{\"@type\":\"ImageObject\",\"inLanguage\":\"en-GB\",\"@id\":\"https:\/\/www.torreviejagastronomica.com\/#\/schema\/person\/image\/\",\"url\":\"https:\/\/secure.gravatar.com\/avatar\/32ba6ba6e685fc061412a65c4a8a8b6caaf6d90d0985a737a4015d36e84d2d1f?s=96&d=mm&r=g\",\"contentUrl\":\"https:\/\/secure.gravatar.com\/avatar\/32ba6ba6e685fc061412a65c4a8a8b6caaf6d90d0985a737a4015d36e84d2d1f?s=96&d=mm&r=g\",\"caption\":\"Asociaci\u00f3n de Empresas de Hosteler\u00eda de Torrevieja y Comarca\"},\"url\":\"https:\/\/www.torreviejagastronomica.com\/en\/author\/hosteleria\/\"}]}<\/script>\n<!-- \/ Yoast SEO plugin. -->","yoast_head_json":{"title":"ENTREGADOS LOS PREMIOS AL P\u00daBLICO PARTICIPANTE DE LA 1\u00aa EDICI\u00d3N DE !A TODO TREN! \ud83c\udf79\ud83c\udf78\ud83e\udd43\ud83c\udf70\ud83e\udd67 - Torrevieja Gastron\u00f3mica","robots":{"index":"index","follow":"follow","max-snippet":"max-snippet:-1","max-image-preview":"max-image-preview:large","max-video-preview":"max-video-preview:-1"},"canonical":"https:\/\/www.torreviejagastronomica.com\/en\/entregados-los-premios-al-publico-participante-de-la-1a-edicion-de-a-todo-tren\/","og_locale":"en_GB","og_type":"article","og_title":"ENTREGADOS LOS PREMIOS AL P\u00daBLICO PARTICIPANTE DE LA 1\u00aa EDICI\u00d3N DE !A TODO TREN! \ud83c\udf79\ud83c\udf78\ud83e\udd43\ud83c\udf70\ud83e\udd67 - Torrevieja Gastron\u00f3mica","og_description":"TORREVIEJA (09-05-20). Isabelle Maghe-Engher ganadora de \u201csu peso en cerveza Mahou\u201d En la ma\u00f1ana de hoy, Bodegas Vera ha acogido la entrega de los premios al p\u00fablico participante de la 1\u00aa Edici\u00f3n de \u00a1A TODO TREN!, organizado por la Asociaci\u00f3n de Empresas de Hosteler\u00eda de Torrevieja y Comarca. Al Acto han asistido el presidente de [&hellip;]","og_url":"https:\/\/www.torreviejagastronomica.com\/en\/entregados-los-premios-al-publico-participante-de-la-1a-edicion-de-a-todo-tren\/","og_site_name":"Torrevieja Gastron\u00f3mica","article_published_time":"2023-05-10T08:03:36+00:00","og_image":[{"width":2048,"height":1152,"url":"https:\/\/www.torreviejagastronomica.com\/wp-content\/uploads\/2023\/05\/WhatsApp-Image-2023-05-10-at-09.07.18.jpeg","type":"image\/jpeg"}],"author":"Asociaci\u00f3n de Empresas de Hosteler\u00eda de Torrevieja y Comarca","twitter_card":"summary_large_image","twitter_misc":{"Written by":"Asociaci\u00f3n de Empresas de Hosteler\u00eda de Torrevieja y Comarca","Estimated reading time":"1 minute"},"schema":{"@context":"https:\/\/schema.org","@graph":[{"@type":"Article","@id":"https:\/\/www.torreviejagastronomica.com\/entregados-los-premios-al-publico-participante-de-la-1a-edicion-de-a-todo-tren\/#article","isPartOf":{"@id":"https:\/\/www.torreviejagastronomica.com\/entregados-los-premios-al-publico-participante-de-la-1a-edicion-de-a-todo-tren\/"},"author":{"name":"Asociaci\u00f3n de Empresas de Hosteler\u00eda de Torrevieja y Comarca","@id":"https:\/\/www.torreviejagastronomica.com\/#\/schema\/person\/9e0116f808f941d46f9baadf5335f0a9"},"headline":"ENTREGADOS LOS PREMIOS AL P\u00daBLICO PARTICIPANTE DE LA 1\u00aa EDICI\u00d3N DE !A TODO TREN! \ud83c\udf79\ud83c\udf78\ud83e\udd43\ud83c\udf70\ud83e\udd67","datePublished":"2023-05-10T08:03:36+00:00","mainEntityOfPage":{"@id":"https:\/\/www.torreviejagastronomica.com\/entregados-los-premios-al-publico-participante-de-la-1a-edicion-de-a-todo-tren\/"},"wordCount":252,"publisher":{"@id":"https:\/\/www.torreviejagastronomica.com\/#organization"},"image":{"@id":"https:\/\/www.torreviejagastronomica.com\/entregados-los-premios-al-publico-participante-de-la-1a-edicion-de-a-todo-tren\/#primaryimage"},"thumbnailUrl":"https:\/\/www.torreviejagastronomica.com\/wp-content\/uploads\/2023\/05\/WhatsApp-Image-2023-05-10-at-09.07.18.jpeg","articleSection":["Eventos"],"inLanguage":"en-GB"},{"@type":"WebPage","@id":"https:\/\/www.torreviejagastronomica.com\/entregados-los-premios-al-publico-participante-de-la-1a-edicion-de-a-todo-tren\/","url":"https:\/\/www.torreviejagastronomica.com\/entregados-los-premios-al-publico-participante-de-la-1a-edicion-de-a-todo-tren\/","name":"ENTREGADOS LOS PREMIOS AL P\u00daBLICO PARTICIPANTE DE LA 1\u00aa EDICI\u00d3N DE !A TODO TREN! \ud83c\udf79\ud83c\udf78\ud83e\udd43\ud83c\udf70\ud83e\udd67 - Torrevieja Gastron\u00f3mica","isPartOf":{"@id":"https:\/\/www.torreviejagastronomica.com\/#website"},"primaryImageOfPage":{"@id":"https:\/\/www.torreviejagastronomica.com\/entregados-los-premios-al-publico-participante-de-la-1a-edicion-de-a-todo-tren\/#primaryimage"},"image":{"@id":"https:\/\/www.torreviejagastronomica.com\/entregados-los-premios-al-publico-participante-de-la-1a-edicion-de-a-todo-tren\/#primaryimage"},"thumbnailUrl":"https:\/\/www.torreviejagastronomica.com\/wp-content\/uploads\/2023\/05\/WhatsApp-Image-2023-05-10-at-09.07.18.jpeg","datePublished":"2023-05-10T08:03:36+00:00","breadcrumb":{"@id":"https:\/\/www.torreviejagastronomica.com\/entregados-los-premios-al-publico-participante-de-la-1a-edicion-de-a-todo-tren\/#breadcrumb"},"inLanguage":"en-GB","potentialAction":[{"@type":"ReadAction","target":["https:\/\/www.torreviejagastronomica.com\/entregados-los-premios-al-publico-participante-de-la-1a-edicion-de-a-todo-tren\/"]}]},{"@type":"ImageObject","inLanguage":"en-GB","@id":"https:\/\/www.torreviejagastronomica.com\/entregados-los-premios-al-publico-participante-de-la-1a-edicion-de-a-todo-tren\/#primaryimage","url":"https:\/\/www.torreviejagastronomica.com\/wp-content\/uploads\/2023\/05\/WhatsApp-Image-2023-05-10-at-09.07.18.jpeg","contentUrl":"https:\/\/www.torreviejagastronomica.com\/wp-content\/uploads\/2023\/05\/WhatsApp-Image-2023-05-10-at-09.07.18.jpeg","width":2048,"height":1152},{"@type":"BreadcrumbList","@id":"https:\/\/www.torreviejagastronomica.com\/entregados-los-premios-al-publico-participante-de-la-1a-edicion-de-a-todo-tren\/#breadcrumb","itemListElement":[{"@type":"ListItem","position":1,"name":"Portada","item":"https:\/\/www.torreviejagastronomica.com\/"},{"@type":"ListItem","position":2,"name":"ENTREGADOS LOS PREMIOS AL P\u00daBLICO PARTICIPANTE DE LA 1\u00aa EDICI\u00d3N DE !A TODO TREN! \ud83c\udf79\ud83c\udf78\ud83e\udd43\ud83c\udf70\ud83e\udd67"}]},{"@type":"WebSite","@id":"https:\/\/www.torreviejagastronomica.com\/#website","url":"https:\/\/www.torreviejagastronomica.com\/","name":"Torrevieja Gastron\u00f3mica","description":"Asociaci\u00f3n Hosteler\u00eda Torrevieja y Comarca","publisher":{"@id":"https:\/\/www.torreviejagastronomica.com\/#organization"},"potentialAction":[{"@type":"SearchAction","target":{"@type":"EntryPoint","urlTemplate":"https:\/\/www.torreviejagastronomica.com\/?s={search_term_string}"},"query-input":{"@type":"PropertyValueSpecification","valueRequired":true,"valueName":"search_term_string"}}],"inLanguage":"en-GB"},{"@type":"Organization","@id":"https:\/\/www.torreviejagastronomica.com\/#organization","name":"Torrevieja Gastron\u00f3mica","url":"https:\/\/www.torreviejagastronomica.com\/","logo":{"@type":"ImageObject","inLanguage":"en-GB","@id":"https:\/\/www.torreviejagastronomica.com\/#\/schema\/logo\/image\/","url":"https:\/\/www.torreviejagastronomica.com\/wp-content\/uploads\/2023\/09\/Logo-Torrevieja-Gastronomica.png","contentUrl":"https:\/\/www.torreviejagastronomica.com\/wp-content\/uploads\/2023\/09\/Logo-Torrevieja-Gastronomica.png","width":350,"height":100,"caption":"Torrevieja Gastron\u00f3mica"},"image":{"@id":"https:\/\/www.torreviejagastronomica.com\/#\/schema\/logo\/image\/"}},{"@type":"Person","@id":"https:\/\/www.torreviejagastronomica.com\/#\/schema\/person\/9e0116f808f941d46f9baadf5335f0a9","name":"Asociaci\u00f3n de Empresas de Hosteler\u00eda de Torrevieja y Comarca","image":{"@type":"ImageObject","inLanguage":"en-GB","@id":"https:\/\/www.torreviejagastronomica.com\/#\/schema\/person\/image\/","url":"https:\/\/secure.gravatar.com\/avatar\/32ba6ba6e685fc061412a65c4a8a8b6caaf6d90d0985a737a4015d36e84d2d1f?s=96&d=mm&r=g","contentUrl":"https:\/\/secure.gravatar.com\/avatar\/32ba6ba6e685fc061412a65c4a8a8b6caaf6d90d0985a737a4015d36e84d2d1f?s=96&d=mm&r=g","caption":"Asociaci\u00f3n de Empresas de Hosteler\u00eda de Torrevieja y Comarca"},"url":"https:\/\/www.torreviejagastronomica.com\/en\/author\/hosteleria\/"}]}},"_links":{"self":[{"href":"https:\/\/www.torreviejagastronomica.com\/en\/wp-json\/wp\/v2\/posts\/3319","targetHints":{"allow":["GET"]}}],"collection":[{"href":"https:\/\/www.torreviejagastronomica.com\/en\/wp-json\/wp\/v2\/posts"}],"about":[{"href":"https:\/\/www.torreviejagastronomica.com\/en\/wp-json\/wp\/v2\/types\/post"}],"author":[{"embeddable":true,"href":"https:\/\/www.torreviejagastronomica.com\/en\/wp-json\/wp\/v2\/users\/4"}],"replies":[{"embeddable":true,"href":"https:\/\/www.torreviejagastronomica.com\/en\/wp-json\/wp\/v2\/comments?post=3319"}],"version-history":[{"count":0,"href":"https:\/\/www.torreviejagastronomica.com\/en\/wp-json\/wp\/v2\/posts\/3319\/revisions"}],"wp:featuredmedia":[{"embeddable":true,"href":"https:\/\/www.torreviejagastronomica.com\/en\/wp-json\/wp\/v2\/media\/3323"}],"wp:attachment":[{"href":"https:\/\/www.torreviejagastronomica.com\/en\/wp-json\/wp\/v2\/media?parent=3319"}],"wp:term":[{"taxonomy":"category","embeddable":true,"href":"https:\/\/www.torreviejagastronomica.com\/en\/wp-json\/wp\/v2\/categories?post=3319"},{"taxonomy":"post_tag","embeddable":true,"href":"https:\/\/www.torreviejagastronomica.com\/en\/wp-json\/wp\/v2\/tags?post=3319"}],"curies":[{"name":"wp","href":"https:\/\/api.w.org\/{rel}","templated":true}]}}