{"id":2787,"date":"2020-02-20T08:50:45","date_gmt":"2020-02-20T08:50:45","guid":{"rendered":"https:\/\/www.torreviejagastronomica.com\/?p=2787"},"modified":"2020-02-20T08:50:45","modified_gmt":"2020-02-20T08:50:45","slug":"xlv-cena-de-hermandad-tenedores-de-oro-2020","status":"publish","type":"post","link":"https:\/\/www.torreviejagastronomica.com\/en\/xlv-cena-de-hermandad-tenedores-de-oro-2020\/","title":{"rendered":"XLV BROTHERHOOD DINNER - GOLDEN FORKS 2020"},"content":{"rendered":"<p>The Association of Hospitality Businesses of Torrevieja and Region has announced this morning at the headquarters of the Association, the names of the people and companies that have been distinguished with the awards Golden Forks 2020, elected unanimously by the members of the Board of Directors of the Association, based on criteria of seniority, career and professionalism to:<\/p>\n<p><u>RECOGNITION PLAQUE COMPANY 2020<\/u> - <span style=\"color: red;\">DIALSUR CASH &amp; CARRY TORREVIEJA<\/span><\/p>\n<p>Awarded to a company that maintains direct links with the hotel and catering industry, with our associates and collaborates with the AEHTC in its various activities.<\/p>\n<p>&nbsp;<\/p>\n<p><u>2020 HOSPITALITY HONOURABLE MENTION -&nbsp; <\/u>&nbsp;<span style=\"color: red;\">MANUEL \u00c1NGEL CARO DOLS<\/span><\/p>\n<p>Public recognition of those people who have dedicated and dedicate an important part of their lives to the profession, in any of its different functions.<\/p>\n<p>&nbsp;<\/p>\n<p><u>HONORARY MEMBER 2020 <\/u>- <span style=\"color: red;\">MANUEL P\u00c9REZ CALVO<\/span><\/p>\n<p>Distinction created to publicly recognise associates and persons who, due to their prestige and for having contributed in a relevant way to the development of the association, are deserving of such a distinction.<\/p>\n<p>&nbsp;<\/p>\n<p><u>INNOVATIVE ENTERPRISE 2020 - <\/u><span style=\"color: red;\">HABITUS RESTAURANT<\/span><\/p>\n<p>Recognition and distinction awarded to an associated company for its continuous innovation and commercial projection.<\/p>\n<p>&nbsp;<\/p>\n<p><u>SILVER PLATTER 2020 <\/u>- <span style=\"color: red;\">VALDES ICE CREAM PARLOUR LA MATA PLAYA<\/span><\/p>\n<p>&nbsp;<\/p>\n<p>Distinction awarded by the Association to associated catering establishments that have stood out for their track record and good work.<\/p>\n<p>&nbsp;<\/p>\n<p><u>SILVER SHAKER 2020 <\/u>&#8211;&nbsp;&nbsp; <span style=\"color: red;\">RAM\u00cb COCKTAILS &amp; FOOD&nbsp;<\/span><\/p>\n<p>Recognition and distinction awarded to pubs, nightclubs and associated nightlife venues.<\/p>\n<p>&nbsp;<\/p>\n<p><u>GOLD FORK 2020 -<\/u> <span style=\"color: red;\">RESTAURANT RINC\u00d3N DE CAPIS<\/span><\/p>\n<p>The highest award that the Association grants to an owner of a member establishment in public recognition of his or her work in the hospitality sector.<\/p>\n<p>&nbsp;<\/p>\n<p>&nbsp;<\/p>\n<p>&nbsp;&nbsp;&nbsp;&nbsp;&nbsp;&nbsp;&nbsp;&nbsp;&nbsp;&nbsp;&nbsp;&nbsp;&nbsp;&nbsp; The Board of Directors of the Association together with the award winners were accompanied at the presentation ceremony by the Councillor for Catering, Rosario Mart\u00ednez, who congratulated the award winners and acknowledged the great work of the city's catering sector.<a href=\"https:\/\/todo-torrevieja.com\/\">&nbsp;Torrevieja information<\/a>.<\/p>\n<p>&nbsp;<\/p>\n<p>&nbsp;&nbsp;&nbsp;&nbsp;&nbsp;&nbsp;&nbsp;&nbsp;&nbsp;&nbsp;&nbsp; The awards will be presented at the XLV (forty-fifth) Brotherhood Dinner of the Association of Hospitality Businesses of Torrevieja and Region to be held on Monday 23 March at the Insaciable Restaurant.<\/p>\n<p>&nbsp;<\/p>\n<p><a href=\"https:\/\/www.torreviejagastronomica.com\/wp-content\/uploads\/2020\/02\/Foto-Presentacion-Tenedores-de-Oro-2020-.jpeg\"><img decoding=\"async\" class=\"aligncenter size-full wp-image-2790\" src=\"https:\/\/www.torreviejagastronomica.com\/wp-content\/uploads\/2020\/02\/Foto-Presentacion-Tenedores-de-Oro-2020-.jpeg\" alt=\"\" width=\"1600\" srcset=\"https:\/\/www.torreviejagastronomica.com\/wp-content\/uploads\/2020\/02\/Foto-Presentacion-Tenedores-de-Oro-2020-.jpeg 1600w, https:\/\/www.torreviejagastronomica.com\/wp-content\/uploads\/2020\/02\/Foto-Presentacion-Tenedores-de-Oro-2020--300x146.jpeg 300w, https:\/\/www.torreviejagastronomica.com\/wp-content\/uploads\/2020\/02\/Foto-Presentacion-Tenedores-de-Oro-2020--1024x497.jpeg 1024w, https:\/\/www.torreviejagastronomica.com\/wp-content\/uploads\/2020\/02\/Foto-Presentacion-Tenedores-de-Oro-2020--768x373.jpeg 768w, https:\/\/www.torreviejagastronomica.com\/wp-content\/uploads\/2020\/02\/Foto-Presentacion-Tenedores-de-Oro-2020--1536x746.jpeg 1536w\" sizes=\"(max-width: 1600px) 100vw, 1600px\" \/><\/a><a href=\"https:\/\/www.torreviejagastronomica.com\/wp-content\/uploads\/2020\/02\/Foto-Presentacion-Tenedores-de-Oro-2020-1.jpeg\"><img decoding=\"async\" class=\"aligncenter size-full wp-image-2791\" src=\"https:\/\/www.torreviejagastronomica.com\/wp-content\/uploads\/2020\/02\/Foto-Presentacion-Tenedores-de-Oro-2020-1.jpeg\" alt=\"\" width=\"1600\" srcset=\"https:\/\/www.torreviejagastronomica.com\/wp-content\/uploads\/2020\/02\/Foto-Presentacion-Tenedores-de-Oro-2020-1.jpeg 1600w, https:\/\/www.torreviejagastronomica.com\/wp-content\/uploads\/2020\/02\/Foto-Presentacion-Tenedores-de-Oro-2020-1-300x146.jpeg 300w, https:\/\/www.torreviejagastronomica.com\/wp-content\/uploads\/2020\/02\/Foto-Presentacion-Tenedores-de-Oro-2020-1-1024x497.jpeg 1024w, https:\/\/www.torreviejagastronomica.com\/wp-content\/uploads\/2020\/02\/Foto-Presentacion-Tenedores-de-Oro-2020-1-768x373.jpeg 768w, https:\/\/www.torreviejagastronomica.com\/wp-content\/uploads\/2020\/02\/Foto-Presentacion-Tenedores-de-Oro-2020-1-1536x746.jpeg 1536w\" sizes=\"(max-width: 1600px) 100vw, 1600px\" \/><\/a><a href=\"https:\/\/www.torreviejagastronomica.com\/wp-content\/uploads\/2020\/02\/Foto-Presentacion-Tenedores-de-Oro-2020.jpeg\"><img decoding=\"async\" class=\"aligncenter size-full wp-image-2789\" src=\"https:\/\/www.torreviejagastronomica.com\/wp-content\/uploads\/2020\/02\/Foto-Presentacion-Tenedores-de-Oro-2020.jpeg\" alt=\"\" width=\"1600\" srcset=\"https:\/\/www.torreviejagastronomica.com\/wp-content\/uploads\/2020\/02\/Foto-Presentacion-Tenedores-de-Oro-2020.jpeg 1600w, https:\/\/www.torreviejagastronomica.com\/wp-content\/uploads\/2020\/02\/Foto-Presentacion-Tenedores-de-Oro-2020-300x146.jpeg 300w, https:\/\/www.torreviejagastronomica.com\/wp-content\/uploads\/2020\/02\/Foto-Presentacion-Tenedores-de-Oro-2020-1024x497.jpeg 1024w, https:\/\/www.torreviejagastronomica.com\/wp-content\/uploads\/2020\/02\/Foto-Presentacion-Tenedores-de-Oro-2020-768x373.jpeg 768w, https:\/\/www.torreviejagastronomica.com\/wp-content\/uploads\/2020\/02\/Foto-Presentacion-Tenedores-de-Oro-2020-1536x746.jpeg 1536w\" sizes=\"(max-width: 1600px) 100vw, 1600px\" \/><\/a><\/p>","protected":false},"excerpt":{"rendered":"<p>The Association of Hospitality Businesses of Torrevieja and Region has announced this morning at the headquarters of the Association, the names of the people and companies that have been distinguished with the awards Golden Forks 2020, elected unanimously by the members of the Board of Directors of the Association, based on [...]<\/p>","protected":false},"author":3,"featured_media":2789,"comment_status":"closed","ping_status":"open","sticky":false,"template":"","format":"standard","meta":{"footnotes":""},"categories":[8,7],"tags":[],"class_list":["post-2787","post","type-post","status-publish","format-standard","has-post-thumbnail","hentry","category-eventos","category-noticias"],"yoast_head":"<!-- This site is optimized with the Yoast SEO plugin v25.7 - https:\/\/yoast.com\/wordpress\/plugins\/seo\/ -->\n<title>XLV CENA DE HERMANDAD - TENEDORES DE ORO 2020 - Torrevieja Gastron\u00f3mica<\/title>\n<meta name=\"robots\" content=\"index, follow, max-snippet:-1, max-image-preview:large, max-video-preview:-1\" \/>\n<link rel=\"canonical\" href=\"https:\/\/www.torreviejagastronomica.com\/en\/xlv-cena-de-hermandad-tenedores-de-oro-2020\/\" \/>\n<meta property=\"og:locale\" content=\"en_GB\" \/>\n<meta property=\"og:type\" content=\"article\" \/>\n<meta property=\"og:title\" content=\"XLV CENA DE HERMANDAD - TENEDORES DE ORO 2020 - Torrevieja Gastron\u00f3mica\" \/>\n<meta property=\"og:description\" content=\"La Asociaci\u00f3n de Empresas de Hosteler\u00eda de Torrevieja y Comarca ha dado a conocer esta ma\u00f1ana en la sede de la Asociaci\u00f3n, los nombres de las personas y empresas que han sido distinguidos con los premios Tenedores de Oro 2020, elegidos por unanimidad de los miembros de la Junta Directiva de la Asociaci\u00f3n, bas\u00e1ndose en [&hellip;]\" \/>\n<meta property=\"og:url\" content=\"https:\/\/www.torreviejagastronomica.com\/en\/xlv-cena-de-hermandad-tenedores-de-oro-2020\/\" \/>\n<meta property=\"og:site_name\" content=\"Torrevieja Gastron\u00f3mica\" \/>\n<meta property=\"article:published_time\" content=\"2020-02-20T08:50:45+00:00\" \/>\n<meta property=\"og:image\" content=\"https:\/\/www.torreviejagastronomica.com\/wp-content\/uploads\/2020\/02\/Foto-Presentacion-Tenedores-de-Oro-2020.jpeg\" \/>\n\t<meta property=\"og:image:width\" content=\"1600\" \/>\n\t<meta property=\"og:image:height\" content=\"777\" \/>\n\t<meta property=\"og:image:type\" content=\"image\/jpeg\" \/>\n<meta name=\"author\" content=\"admin\" \/>\n<meta name=\"twitter:card\" content=\"summary_large_image\" \/>\n<meta name=\"twitter:label1\" content=\"Written by\" \/>\n\t<meta name=\"twitter:data1\" content=\"admin\" \/>\n\t<meta name=\"twitter:label2\" content=\"Estimated reading time\" \/>\n\t<meta name=\"twitter:data2\" content=\"2 minutes\" \/>\n<script type=\"application\/ld+json\" class=\"yoast-schema-graph\">{\"@context\":\"https:\/\/schema.org\",\"@graph\":[{\"@type\":\"Article\",\"@id\":\"https:\/\/www.torreviejagastronomica.com\/xlv-cena-de-hermandad-tenedores-de-oro-2020\/#article\",\"isPartOf\":{\"@id\":\"https:\/\/www.torreviejagastronomica.com\/xlv-cena-de-hermandad-tenedores-de-oro-2020\/\"},\"author\":{\"name\":\"admin\",\"@id\":\"https:\/\/www.torreviejagastronomica.com\/#\/schema\/person\/43c1ae0a05eb24e94513f69078cd11a7\"},\"headline\":\"XLV CENA DE HERMANDAD &#8211; TENEDORES DE ORO 2020\",\"datePublished\":\"2020-02-20T08:50:45+00:00\",\"mainEntityOfPage\":{\"@id\":\"https:\/\/www.torreviejagastronomica.com\/xlv-cena-de-hermandad-tenedores-de-oro-2020\/\"},\"wordCount\":436,\"publisher\":{\"@id\":\"https:\/\/www.torreviejagastronomica.com\/#organization\"},\"image\":{\"@id\":\"https:\/\/www.torreviejagastronomica.com\/xlv-cena-de-hermandad-tenedores-de-oro-2020\/#primaryimage\"},\"thumbnailUrl\":\"https:\/\/www.torreviejagastronomica.com\/wp-content\/uploads\/2020\/02\/Foto-Presentacion-Tenedores-de-Oro-2020.jpeg\",\"articleSection\":[\"Eventos\",\"Noticias\"],\"inLanguage\":\"en-GB\"},{\"@type\":\"WebPage\",\"@id\":\"https:\/\/www.torreviejagastronomica.com\/xlv-cena-de-hermandad-tenedores-de-oro-2020\/\",\"url\":\"https:\/\/www.torreviejagastronomica.com\/xlv-cena-de-hermandad-tenedores-de-oro-2020\/\",\"name\":\"XLV CENA DE HERMANDAD - TENEDORES DE ORO 2020 - Torrevieja Gastron\u00f3mica\",\"isPartOf\":{\"@id\":\"https:\/\/www.torreviejagastronomica.com\/#website\"},\"primaryImageOfPage\":{\"@id\":\"https:\/\/www.torreviejagastronomica.com\/xlv-cena-de-hermandad-tenedores-de-oro-2020\/#primaryimage\"},\"image\":{\"@id\":\"https:\/\/www.torreviejagastronomica.com\/xlv-cena-de-hermandad-tenedores-de-oro-2020\/#primaryimage\"},\"thumbnailUrl\":\"https:\/\/www.torreviejagastronomica.com\/wp-content\/uploads\/2020\/02\/Foto-Presentacion-Tenedores-de-Oro-2020.jpeg\",\"datePublished\":\"2020-02-20T08:50:45+00:00\",\"breadcrumb\":{\"@id\":\"https:\/\/www.torreviejagastronomica.com\/xlv-cena-de-hermandad-tenedores-de-oro-2020\/#breadcrumb\"},\"inLanguage\":\"en-GB\",\"potentialAction\":[{\"@type\":\"ReadAction\",\"target\":[\"https:\/\/www.torreviejagastronomica.com\/xlv-cena-de-hermandad-tenedores-de-oro-2020\/\"]}]},{\"@type\":\"ImageObject\",\"inLanguage\":\"en-GB\",\"@id\":\"https:\/\/www.torreviejagastronomica.com\/xlv-cena-de-hermandad-tenedores-de-oro-2020\/#primaryimage\",\"url\":\"https:\/\/www.torreviejagastronomica.com\/wp-content\/uploads\/2020\/02\/Foto-Presentacion-Tenedores-de-Oro-2020.jpeg\",\"contentUrl\":\"https:\/\/www.torreviejagastronomica.com\/wp-content\/uploads\/2020\/02\/Foto-Presentacion-Tenedores-de-Oro-2020.jpeg\",\"width\":1600,\"height\":777},{\"@type\":\"BreadcrumbList\",\"@id\":\"https:\/\/www.torreviejagastronomica.com\/xlv-cena-de-hermandad-tenedores-de-oro-2020\/#breadcrumb\",\"itemListElement\":[{\"@type\":\"ListItem\",\"position\":1,\"name\":\"Portada\",\"item\":\"https:\/\/www.torreviejagastronomica.com\/\"},{\"@type\":\"ListItem\",\"position\":2,\"name\":\"XLV CENA DE HERMANDAD &#8211; TENEDORES DE ORO 2020\"}]},{\"@type\":\"WebSite\",\"@id\":\"https:\/\/www.torreviejagastronomica.com\/#website\",\"url\":\"https:\/\/www.torreviejagastronomica.com\/\",\"name\":\"Torrevieja Gastron\u00f3mica\",\"description\":\"Asociaci\u00f3n Hosteler\u00eda Torrevieja y Comarca\",\"publisher\":{\"@id\":\"https:\/\/www.torreviejagastronomica.com\/#organization\"},\"potentialAction\":[{\"@type\":\"SearchAction\",\"target\":{\"@type\":\"EntryPoint\",\"urlTemplate\":\"https:\/\/www.torreviejagastronomica.com\/?s={search_term_string}\"},\"query-input\":{\"@type\":\"PropertyValueSpecification\",\"valueRequired\":true,\"valueName\":\"search_term_string\"}}],\"inLanguage\":\"en-GB\"},{\"@type\":\"Organization\",\"@id\":\"https:\/\/www.torreviejagastronomica.com\/#organization\",\"name\":\"Torrevieja Gastron\u00f3mica\",\"url\":\"https:\/\/www.torreviejagastronomica.com\/\",\"logo\":{\"@type\":\"ImageObject\",\"inLanguage\":\"en-GB\",\"@id\":\"https:\/\/www.torreviejagastronomica.com\/#\/schema\/logo\/image\/\",\"url\":\"https:\/\/www.torreviejagastronomica.com\/wp-content\/uploads\/2023\/09\/Logo-Torrevieja-Gastronomica.png\",\"contentUrl\":\"https:\/\/www.torreviejagastronomica.com\/wp-content\/uploads\/2023\/09\/Logo-Torrevieja-Gastronomica.png\",\"width\":350,\"height\":100,\"caption\":\"Torrevieja Gastron\u00f3mica\"},\"image\":{\"@id\":\"https:\/\/www.torreviejagastronomica.com\/#\/schema\/logo\/image\/\"}},{\"@type\":\"Person\",\"@id\":\"https:\/\/www.torreviejagastronomica.com\/#\/schema\/person\/43c1ae0a05eb24e94513f69078cd11a7\",\"name\":\"admin\",\"image\":{\"@type\":\"ImageObject\",\"inLanguage\":\"en-GB\",\"@id\":\"https:\/\/www.torreviejagastronomica.com\/#\/schema\/person\/image\/\",\"url\":\"https:\/\/secure.gravatar.com\/avatar\/6497fb95944786a8c3310104dbce94031a7dee2c3b2645b425bfeeec49855f50?s=96&d=mm&r=g\",\"contentUrl\":\"https:\/\/secure.gravatar.com\/avatar\/6497fb95944786a8c3310104dbce94031a7dee2c3b2645b425bfeeec49855f50?s=96&d=mm&r=g\",\"caption\":\"admin\"},\"url\":\"https:\/\/www.torreviejagastronomica.com\/en\/author\/admin\/\"}]}<\/script>\n<!-- \/ Yoast SEO plugin. -->","yoast_head_json":{"title":"XLV CENA DE HERMANDAD - TENEDORES DE ORO 2020 - Torrevieja Gastron\u00f3mica","robots":{"index":"index","follow":"follow","max-snippet":"max-snippet:-1","max-image-preview":"max-image-preview:large","max-video-preview":"max-video-preview:-1"},"canonical":"https:\/\/www.torreviejagastronomica.com\/en\/xlv-cena-de-hermandad-tenedores-de-oro-2020\/","og_locale":"en_GB","og_type":"article","og_title":"XLV CENA DE HERMANDAD - TENEDORES DE ORO 2020 - Torrevieja Gastron\u00f3mica","og_description":"La Asociaci\u00f3n de Empresas de Hosteler\u00eda de Torrevieja y Comarca ha dado a conocer esta ma\u00f1ana en la sede de la Asociaci\u00f3n, los nombres de las personas y empresas que han sido distinguidos con los premios Tenedores de Oro 2020, elegidos por unanimidad de los miembros de la Junta Directiva de la Asociaci\u00f3n, bas\u00e1ndose en [&hellip;]","og_url":"https:\/\/www.torreviejagastronomica.com\/en\/xlv-cena-de-hermandad-tenedores-de-oro-2020\/","og_site_name":"Torrevieja Gastron\u00f3mica","article_published_time":"2020-02-20T08:50:45+00:00","og_image":[{"width":1600,"height":777,"url":"https:\/\/www.torreviejagastronomica.com\/wp-content\/uploads\/2020\/02\/Foto-Presentacion-Tenedores-de-Oro-2020.jpeg","type":"image\/jpeg"}],"author":"admin","twitter_card":"summary_large_image","twitter_misc":{"Written by":"admin","Estimated reading time":"2 minutes"},"schema":{"@context":"https:\/\/schema.org","@graph":[{"@type":"Article","@id":"https:\/\/www.torreviejagastronomica.com\/xlv-cena-de-hermandad-tenedores-de-oro-2020\/#article","isPartOf":{"@id":"https:\/\/www.torreviejagastronomica.com\/xlv-cena-de-hermandad-tenedores-de-oro-2020\/"},"author":{"name":"admin","@id":"https:\/\/www.torreviejagastronomica.com\/#\/schema\/person\/43c1ae0a05eb24e94513f69078cd11a7"},"headline":"XLV CENA DE HERMANDAD &#8211; TENEDORES DE ORO 2020","datePublished":"2020-02-20T08:50:45+00:00","mainEntityOfPage":{"@id":"https:\/\/www.torreviejagastronomica.com\/xlv-cena-de-hermandad-tenedores-de-oro-2020\/"},"wordCount":436,"publisher":{"@id":"https:\/\/www.torreviejagastronomica.com\/#organization"},"image":{"@id":"https:\/\/www.torreviejagastronomica.com\/xlv-cena-de-hermandad-tenedores-de-oro-2020\/#primaryimage"},"thumbnailUrl":"https:\/\/www.torreviejagastronomica.com\/wp-content\/uploads\/2020\/02\/Foto-Presentacion-Tenedores-de-Oro-2020.jpeg","articleSection":["Eventos","Noticias"],"inLanguage":"en-GB"},{"@type":"WebPage","@id":"https:\/\/www.torreviejagastronomica.com\/xlv-cena-de-hermandad-tenedores-de-oro-2020\/","url":"https:\/\/www.torreviejagastronomica.com\/xlv-cena-de-hermandad-tenedores-de-oro-2020\/","name":"XLV CENA DE HERMANDAD - TENEDORES DE ORO 2020 - Torrevieja Gastron\u00f3mica","isPartOf":{"@id":"https:\/\/www.torreviejagastronomica.com\/#website"},"primaryImageOfPage":{"@id":"https:\/\/www.torreviejagastronomica.com\/xlv-cena-de-hermandad-tenedores-de-oro-2020\/#primaryimage"},"image":{"@id":"https:\/\/www.torreviejagastronomica.com\/xlv-cena-de-hermandad-tenedores-de-oro-2020\/#primaryimage"},"thumbnailUrl":"https:\/\/www.torreviejagastronomica.com\/wp-content\/uploads\/2020\/02\/Foto-Presentacion-Tenedores-de-Oro-2020.jpeg","datePublished":"2020-02-20T08:50:45+00:00","breadcrumb":{"@id":"https:\/\/www.torreviejagastronomica.com\/xlv-cena-de-hermandad-tenedores-de-oro-2020\/#breadcrumb"},"inLanguage":"en-GB","potentialAction":[{"@type":"ReadAction","target":["https:\/\/www.torreviejagastronomica.com\/xlv-cena-de-hermandad-tenedores-de-oro-2020\/"]}]},{"@type":"ImageObject","inLanguage":"en-GB","@id":"https:\/\/www.torreviejagastronomica.com\/xlv-cena-de-hermandad-tenedores-de-oro-2020\/#primaryimage","url":"https:\/\/www.torreviejagastronomica.com\/wp-content\/uploads\/2020\/02\/Foto-Presentacion-Tenedores-de-Oro-2020.jpeg","contentUrl":"https:\/\/www.torreviejagastronomica.com\/wp-content\/uploads\/2020\/02\/Foto-Presentacion-Tenedores-de-Oro-2020.jpeg","width":1600,"height":777},{"@type":"BreadcrumbList","@id":"https:\/\/www.torreviejagastronomica.com\/xlv-cena-de-hermandad-tenedores-de-oro-2020\/#breadcrumb","itemListElement":[{"@type":"ListItem","position":1,"name":"Portada","item":"https:\/\/www.torreviejagastronomica.com\/"},{"@type":"ListItem","position":2,"name":"XLV CENA DE HERMANDAD &#8211; TENEDORES DE ORO 2020"}]},{"@type":"WebSite","@id":"https:\/\/www.torreviejagastronomica.com\/#website","url":"https:\/\/www.torreviejagastronomica.com\/","name":"Torrevieja Gastron\u00f3mica","description":"Asociaci\u00f3n Hosteler\u00eda Torrevieja y Comarca","publisher":{"@id":"https:\/\/www.torreviejagastronomica.com\/#organization"},"potentialAction":[{"@type":"SearchAction","target":{"@type":"EntryPoint","urlTemplate":"https:\/\/www.torreviejagastronomica.com\/?s={search_term_string}"},"query-input":{"@type":"PropertyValueSpecification","valueRequired":true,"valueName":"search_term_string"}}],"inLanguage":"en-GB"},{"@type":"Organization","@id":"https:\/\/www.torreviejagastronomica.com\/#organization","name":"Torrevieja Gastron\u00f3mica","url":"https:\/\/www.torreviejagastronomica.com\/","logo":{"@type":"ImageObject","inLanguage":"en-GB","@id":"https:\/\/www.torreviejagastronomica.com\/#\/schema\/logo\/image\/","url":"https:\/\/www.torreviejagastronomica.com\/wp-content\/uploads\/2023\/09\/Logo-Torrevieja-Gastronomica.png","contentUrl":"https:\/\/www.torreviejagastronomica.com\/wp-content\/uploads\/2023\/09\/Logo-Torrevieja-Gastronomica.png","width":350,"height":100,"caption":"Torrevieja Gastron\u00f3mica"},"image":{"@id":"https:\/\/www.torreviejagastronomica.com\/#\/schema\/logo\/image\/"}},{"@type":"Person","@id":"https:\/\/www.torreviejagastronomica.com\/#\/schema\/person\/43c1ae0a05eb24e94513f69078cd11a7","name":"admin","image":{"@type":"ImageObject","inLanguage":"en-GB","@id":"https:\/\/www.torreviejagastronomica.com\/#\/schema\/person\/image\/","url":"https:\/\/secure.gravatar.com\/avatar\/6497fb95944786a8c3310104dbce94031a7dee2c3b2645b425bfeeec49855f50?s=96&d=mm&r=g","contentUrl":"https:\/\/secure.gravatar.com\/avatar\/6497fb95944786a8c3310104dbce94031a7dee2c3b2645b425bfeeec49855f50?s=96&d=mm&r=g","caption":"admin"},"url":"https:\/\/www.torreviejagastronomica.com\/en\/author\/admin\/"}]}},"_links":{"self":[{"href":"https:\/\/www.torreviejagastronomica.com\/en\/wp-json\/wp\/v2\/posts\/2787","targetHints":{"allow":["GET"]}}],"collection":[{"href":"https:\/\/www.torreviejagastronomica.com\/en\/wp-json\/wp\/v2\/posts"}],"about":[{"href":"https:\/\/www.torreviejagastronomica.com\/en\/wp-json\/wp\/v2\/types\/post"}],"author":[{"embeddable":true,"href":"https:\/\/www.torreviejagastronomica.com\/en\/wp-json\/wp\/v2\/users\/3"}],"replies":[{"embeddable":true,"href":"https:\/\/www.torreviejagastronomica.com\/en\/wp-json\/wp\/v2\/comments?post=2787"}],"version-history":[{"count":0,"href":"https:\/\/www.torreviejagastronomica.com\/en\/wp-json\/wp\/v2\/posts\/2787\/revisions"}],"wp:featuredmedia":[{"embeddable":true,"href":"https:\/\/www.torreviejagastronomica.com\/en\/wp-json\/wp\/v2\/media\/2789"}],"wp:attachment":[{"href":"https:\/\/www.torreviejagastronomica.com\/en\/wp-json\/wp\/v2\/media?parent=2787"}],"wp:term":[{"taxonomy":"category","embeddable":true,"href":"https:\/\/www.torreviejagastronomica.com\/en\/wp-json\/wp\/v2\/categories?post=2787"},{"taxonomy":"post_tag","embeddable":true,"href":"https:\/\/www.torreviejagastronomica.com\/en\/wp-json\/wp\/v2\/tags?post=2787"}],"curies":[{"name":"wp","href":"https:\/\/api.w.org\/{rel}","templated":true}]}}