{"id":1960,"date":"2016-05-14T19:58:44","date_gmt":"2016-05-14T19:58:44","guid":{"rendered":"http:\/\/www.torreviejagastronomica.com\/?p=1960"},"modified":"2016-05-14T19:58:44","modified_gmt":"2016-05-14T19:58:44","slug":"antonio-montero-nuevo-presidente-de-la-asociacion","status":"publish","type":"post","link":"https:\/\/www.torreviejagastronomica.com\/en\/antonio-montero-nuevo-presidente-de-la-asociacion\/","title":{"rendered":"Joaqu\u00edn Guillam\u00f3 new president of the association"},"content":{"rendered":"<p style=\"text-align: justify;\">The owner of the centrally located Hostal Bel\u00e9n will preside over the tourism association for the next three years.<\/p>\n<p style=\"text-align: justify;\">Although chatting with him could lead to a prolific debate on structural questions about tourism and the hotel and catering industry, Joaqu\u00edn Guillam\u00f3's priority is to \"increase the number of members, because in Torrevieja and the surrounding area there could be close to a thousand establishments and 149 members are very few. It is necessary to tackle the disaffection that the areas furthest from the traditional centre have towards associationism. And even the involvement of the associates, as some of them do not even read the communications that reach them.<\/p>\n<p style=\"text-align: justify;\">The turnout at the assembly was also low, with Guillam\u00f3 obtaining 37 votes to 7 for his rival, Antonio Montero, as well as two blank votes. The membership fee is 21.34 euros per month and Guillam\u00f3 will succeed Jos\u00e9 Antonio Lozano, of Restaurante El Puerto, whom he praises as \"he has left us a healthy association financially and in all aspects. I have nothing but praise for him and his people. They have created new activities and have boosted existing ones, putting together a spectacular calendar. Maintaining this legacy would already be very positive. Lozano has been very concerned about the sector. I have spoken to him in various places and on various occasions and I have seen that.<\/p>","protected":false},"excerpt":{"rendered":"<p>The owner of the centrally located Hostal Bel\u00e9n will preside over the tourism association for the next three years Although chatting with him could lead to a lengthy debate on structural issues related to tourism and the hotel industry, Joaqu\u00edn Guillam\u00f3's priority is a more achievable objective, which is none other than \"increasing the number of members, because in Torrevieja and the surrounding [...]<\/p>","protected":false},"author":3,"featured_media":1965,"comment_status":"closed","ping_status":"open","sticky":false,"template":"","format":"standard","meta":{"footnotes":""},"categories":[7],"tags":[],"class_list":["post-1960","post","type-post","status-publish","format-standard","has-post-thumbnail","hentry","category-noticias"],"yoast_head":"<!-- This site is optimized with the Yoast SEO plugin v25.7 - https:\/\/yoast.com\/wordpress\/plugins\/seo\/ -->\n<title>Joaqu\u00edn Guillam\u00f3 nuevo presidente de la asociaci\u00f3n - Torrevieja Gastron\u00f3mica<\/title>\n<meta name=\"robots\" content=\"index, follow, max-snippet:-1, max-image-preview:large, max-video-preview:-1\" \/>\n<link rel=\"canonical\" href=\"https:\/\/www.torreviejagastronomica.com\/en\/antonio-montero-nuevo-presidente-de-la-asociacion\/\" \/>\n<meta property=\"og:locale\" content=\"en_GB\" \/>\n<meta property=\"og:type\" content=\"article\" \/>\n<meta property=\"og:title\" content=\"Joaqu\u00edn Guillam\u00f3 nuevo presidente de la asociaci\u00f3n - Torrevieja Gastron\u00f3mica\" \/>\n<meta property=\"og:description\" content=\"El propietario del c\u00e9ntrico Hostal Bel\u00e9n presidir\u00e1 los pr\u00f3ximos tres a\u00f1os el colectivo tur\u00edstico Aunque charlar con \u00e9l da para un prol\u00edfico debate de cuestiones estructurales acerca del turismo y la hosteler\u00eda, Joaqu\u00edn Guillam\u00f3 pone como prioridad un objetivo m\u00e1s asumible, que no es otro que \u00abaumentar el n\u00famero de asociados, porque en Torrevieja y [&hellip;]\" \/>\n<meta property=\"og:url\" content=\"https:\/\/www.torreviejagastronomica.com\/en\/antonio-montero-nuevo-presidente-de-la-asociacion\/\" \/>\n<meta property=\"og:site_name\" content=\"Torrevieja Gastron\u00f3mica\" \/>\n<meta property=\"article:published_time\" content=\"2016-05-14T19:58:44+00:00\" \/>\n<meta property=\"og:image\" content=\"https:\/\/www.torreviejagastronomica.com\/wp-content\/uploads\/2016\/05\/Joaquin-Guillamo.jpg\" \/>\n\t<meta property=\"og:image:width\" content=\"218\" \/>\n\t<meta property=\"og:image:height\" content=\"236\" \/>\n\t<meta property=\"og:image:type\" content=\"image\/jpeg\" \/>\n<meta name=\"author\" content=\"admin\" \/>\n<meta name=\"twitter:card\" content=\"summary_large_image\" \/>\n<meta name=\"twitter:label1\" content=\"Written by\" \/>\n\t<meta name=\"twitter:data1\" content=\"admin\" \/>\n\t<meta name=\"twitter:label2\" content=\"Estimated reading time\" \/>\n\t<meta name=\"twitter:data2\" content=\"1 minute\" \/>\n<script type=\"application\/ld+json\" class=\"yoast-schema-graph\">{\"@context\":\"https:\/\/schema.org\",\"@graph\":[{\"@type\":\"Article\",\"@id\":\"https:\/\/www.torreviejagastronomica.com\/antonio-montero-nuevo-presidente-de-la-asociacion\/#article\",\"isPartOf\":{\"@id\":\"https:\/\/www.torreviejagastronomica.com\/antonio-montero-nuevo-presidente-de-la-asociacion\/\"},\"author\":{\"name\":\"admin\",\"@id\":\"https:\/\/www.torreviejagastronomica.com\/#\/schema\/person\/43c1ae0a05eb24e94513f69078cd11a7\"},\"headline\":\"Joaqu\u00edn Guillam\u00f3 nuevo presidente de la asociaci\u00f3n\",\"datePublished\":\"2016-05-14T19:58:44+00:00\",\"mainEntityOfPage\":{\"@id\":\"https:\/\/www.torreviejagastronomica.com\/antonio-montero-nuevo-presidente-de-la-asociacion\/\"},\"wordCount\":260,\"publisher\":{\"@id\":\"https:\/\/www.torreviejagastronomica.com\/#organization\"},\"image\":{\"@id\":\"https:\/\/www.torreviejagastronomica.com\/antonio-montero-nuevo-presidente-de-la-asociacion\/#primaryimage\"},\"thumbnailUrl\":\"https:\/\/www.torreviejagastronomica.com\/wp-content\/uploads\/2016\/05\/Joaquin-Guillamo.jpg\",\"articleSection\":[\"Noticias\"],\"inLanguage\":\"en-GB\"},{\"@type\":\"WebPage\",\"@id\":\"https:\/\/www.torreviejagastronomica.com\/antonio-montero-nuevo-presidente-de-la-asociacion\/\",\"url\":\"https:\/\/www.torreviejagastronomica.com\/antonio-montero-nuevo-presidente-de-la-asociacion\/\",\"name\":\"Joaqu\u00edn Guillam\u00f3 nuevo presidente de la asociaci\u00f3n - Torrevieja Gastron\u00f3mica\",\"isPartOf\":{\"@id\":\"https:\/\/www.torreviejagastronomica.com\/#website\"},\"primaryImageOfPage\":{\"@id\":\"https:\/\/www.torreviejagastronomica.com\/antonio-montero-nuevo-presidente-de-la-asociacion\/#primaryimage\"},\"image\":{\"@id\":\"https:\/\/www.torreviejagastronomica.com\/antonio-montero-nuevo-presidente-de-la-asociacion\/#primaryimage\"},\"thumbnailUrl\":\"https:\/\/www.torreviejagastronomica.com\/wp-content\/uploads\/2016\/05\/Joaquin-Guillamo.jpg\",\"datePublished\":\"2016-05-14T19:58:44+00:00\",\"breadcrumb\":{\"@id\":\"https:\/\/www.torreviejagastronomica.com\/antonio-montero-nuevo-presidente-de-la-asociacion\/#breadcrumb\"},\"inLanguage\":\"en-GB\",\"potentialAction\":[{\"@type\":\"ReadAction\",\"target\":[\"https:\/\/www.torreviejagastronomica.com\/antonio-montero-nuevo-presidente-de-la-asociacion\/\"]}]},{\"@type\":\"ImageObject\",\"inLanguage\":\"en-GB\",\"@id\":\"https:\/\/www.torreviejagastronomica.com\/antonio-montero-nuevo-presidente-de-la-asociacion\/#primaryimage\",\"url\":\"https:\/\/www.torreviejagastronomica.com\/wp-content\/uploads\/2016\/05\/Joaquin-Guillamo.jpg\",\"contentUrl\":\"https:\/\/www.torreviejagastronomica.com\/wp-content\/uploads\/2016\/05\/Joaquin-Guillamo.jpg\",\"width\":218,\"height\":236},{\"@type\":\"BreadcrumbList\",\"@id\":\"https:\/\/www.torreviejagastronomica.com\/antonio-montero-nuevo-presidente-de-la-asociacion\/#breadcrumb\",\"itemListElement\":[{\"@type\":\"ListItem\",\"position\":1,\"name\":\"Portada\",\"item\":\"https:\/\/www.torreviejagastronomica.com\/\"},{\"@type\":\"ListItem\",\"position\":2,\"name\":\"Joaqu\u00edn Guillam\u00f3 nuevo presidente de la asociaci\u00f3n\"}]},{\"@type\":\"WebSite\",\"@id\":\"https:\/\/www.torreviejagastronomica.com\/#website\",\"url\":\"https:\/\/www.torreviejagastronomica.com\/\",\"name\":\"Torrevieja Gastron\u00f3mica\",\"description\":\"Asociaci\u00f3n Hosteler\u00eda Torrevieja y Comarca\",\"publisher\":{\"@id\":\"https:\/\/www.torreviejagastronomica.com\/#organization\"},\"potentialAction\":[{\"@type\":\"SearchAction\",\"target\":{\"@type\":\"EntryPoint\",\"urlTemplate\":\"https:\/\/www.torreviejagastronomica.com\/?s={search_term_string}\"},\"query-input\":{\"@type\":\"PropertyValueSpecification\",\"valueRequired\":true,\"valueName\":\"search_term_string\"}}],\"inLanguage\":\"en-GB\"},{\"@type\":\"Organization\",\"@id\":\"https:\/\/www.torreviejagastronomica.com\/#organization\",\"name\":\"Torrevieja Gastron\u00f3mica\",\"url\":\"https:\/\/www.torreviejagastronomica.com\/\",\"logo\":{\"@type\":\"ImageObject\",\"inLanguage\":\"en-GB\",\"@id\":\"https:\/\/www.torreviejagastronomica.com\/#\/schema\/logo\/image\/\",\"url\":\"https:\/\/www.torreviejagastronomica.com\/wp-content\/uploads\/2023\/09\/Logo-Torrevieja-Gastronomica.png\",\"contentUrl\":\"https:\/\/www.torreviejagastronomica.com\/wp-content\/uploads\/2023\/09\/Logo-Torrevieja-Gastronomica.png\",\"width\":350,\"height\":100,\"caption\":\"Torrevieja Gastron\u00f3mica\"},\"image\":{\"@id\":\"https:\/\/www.torreviejagastronomica.com\/#\/schema\/logo\/image\/\"}},{\"@type\":\"Person\",\"@id\":\"https:\/\/www.torreviejagastronomica.com\/#\/schema\/person\/43c1ae0a05eb24e94513f69078cd11a7\",\"name\":\"admin\",\"image\":{\"@type\":\"ImageObject\",\"inLanguage\":\"en-GB\",\"@id\":\"https:\/\/www.torreviejagastronomica.com\/#\/schema\/person\/image\/\",\"url\":\"https:\/\/secure.gravatar.com\/avatar\/6497fb95944786a8c3310104dbce94031a7dee2c3b2645b425bfeeec49855f50?s=96&d=mm&r=g\",\"contentUrl\":\"https:\/\/secure.gravatar.com\/avatar\/6497fb95944786a8c3310104dbce94031a7dee2c3b2645b425bfeeec49855f50?s=96&d=mm&r=g\",\"caption\":\"admin\"},\"url\":\"https:\/\/www.torreviejagastronomica.com\/en\/author\/admin\/\"}]}<\/script>\n<!-- \/ Yoast SEO plugin. -->","yoast_head_json":{"title":"Joaqu\u00edn Guillam\u00f3 nuevo presidente de la asociaci\u00f3n - Torrevieja Gastron\u00f3mica","robots":{"index":"index","follow":"follow","max-snippet":"max-snippet:-1","max-image-preview":"max-image-preview:large","max-video-preview":"max-video-preview:-1"},"canonical":"https:\/\/www.torreviejagastronomica.com\/en\/antonio-montero-nuevo-presidente-de-la-asociacion\/","og_locale":"en_GB","og_type":"article","og_title":"Joaqu\u00edn Guillam\u00f3 nuevo presidente de la asociaci\u00f3n - Torrevieja Gastron\u00f3mica","og_description":"El propietario del c\u00e9ntrico Hostal Bel\u00e9n presidir\u00e1 los pr\u00f3ximos tres a\u00f1os el colectivo tur\u00edstico Aunque charlar con \u00e9l da para un prol\u00edfico debate de cuestiones estructurales acerca del turismo y la hosteler\u00eda, Joaqu\u00edn Guillam\u00f3 pone como prioridad un objetivo m\u00e1s asumible, que no es otro que \u00abaumentar el n\u00famero de asociados, porque en Torrevieja y [&hellip;]","og_url":"https:\/\/www.torreviejagastronomica.com\/en\/antonio-montero-nuevo-presidente-de-la-asociacion\/","og_site_name":"Torrevieja Gastron\u00f3mica","article_published_time":"2016-05-14T19:58:44+00:00","og_image":[{"width":218,"height":236,"url":"https:\/\/www.torreviejagastronomica.com\/wp-content\/uploads\/2016\/05\/Joaquin-Guillamo.jpg","type":"image\/jpeg"}],"author":"admin","twitter_card":"summary_large_image","twitter_misc":{"Written by":"admin","Estimated reading time":"1 minute"},"schema":{"@context":"https:\/\/schema.org","@graph":[{"@type":"Article","@id":"https:\/\/www.torreviejagastronomica.com\/antonio-montero-nuevo-presidente-de-la-asociacion\/#article","isPartOf":{"@id":"https:\/\/www.torreviejagastronomica.com\/antonio-montero-nuevo-presidente-de-la-asociacion\/"},"author":{"name":"admin","@id":"https:\/\/www.torreviejagastronomica.com\/#\/schema\/person\/43c1ae0a05eb24e94513f69078cd11a7"},"headline":"Joaqu\u00edn Guillam\u00f3 nuevo presidente de la asociaci\u00f3n","datePublished":"2016-05-14T19:58:44+00:00","mainEntityOfPage":{"@id":"https:\/\/www.torreviejagastronomica.com\/antonio-montero-nuevo-presidente-de-la-asociacion\/"},"wordCount":260,"publisher":{"@id":"https:\/\/www.torreviejagastronomica.com\/#organization"},"image":{"@id":"https:\/\/www.torreviejagastronomica.com\/antonio-montero-nuevo-presidente-de-la-asociacion\/#primaryimage"},"thumbnailUrl":"https:\/\/www.torreviejagastronomica.com\/wp-content\/uploads\/2016\/05\/Joaquin-Guillamo.jpg","articleSection":["Noticias"],"inLanguage":"en-GB"},{"@type":"WebPage","@id":"https:\/\/www.torreviejagastronomica.com\/antonio-montero-nuevo-presidente-de-la-asociacion\/","url":"https:\/\/www.torreviejagastronomica.com\/antonio-montero-nuevo-presidente-de-la-asociacion\/","name":"Joaqu\u00edn Guillam\u00f3 nuevo presidente de la asociaci\u00f3n - Torrevieja Gastron\u00f3mica","isPartOf":{"@id":"https:\/\/www.torreviejagastronomica.com\/#website"},"primaryImageOfPage":{"@id":"https:\/\/www.torreviejagastronomica.com\/antonio-montero-nuevo-presidente-de-la-asociacion\/#primaryimage"},"image":{"@id":"https:\/\/www.torreviejagastronomica.com\/antonio-montero-nuevo-presidente-de-la-asociacion\/#primaryimage"},"thumbnailUrl":"https:\/\/www.torreviejagastronomica.com\/wp-content\/uploads\/2016\/05\/Joaquin-Guillamo.jpg","datePublished":"2016-05-14T19:58:44+00:00","breadcrumb":{"@id":"https:\/\/www.torreviejagastronomica.com\/antonio-montero-nuevo-presidente-de-la-asociacion\/#breadcrumb"},"inLanguage":"en-GB","potentialAction":[{"@type":"ReadAction","target":["https:\/\/www.torreviejagastronomica.com\/antonio-montero-nuevo-presidente-de-la-asociacion\/"]}]},{"@type":"ImageObject","inLanguage":"en-GB","@id":"https:\/\/www.torreviejagastronomica.com\/antonio-montero-nuevo-presidente-de-la-asociacion\/#primaryimage","url":"https:\/\/www.torreviejagastronomica.com\/wp-content\/uploads\/2016\/05\/Joaquin-Guillamo.jpg","contentUrl":"https:\/\/www.torreviejagastronomica.com\/wp-content\/uploads\/2016\/05\/Joaquin-Guillamo.jpg","width":218,"height":236},{"@type":"BreadcrumbList","@id":"https:\/\/www.torreviejagastronomica.com\/antonio-montero-nuevo-presidente-de-la-asociacion\/#breadcrumb","itemListElement":[{"@type":"ListItem","position":1,"name":"Portada","item":"https:\/\/www.torreviejagastronomica.com\/"},{"@type":"ListItem","position":2,"name":"Joaqu\u00edn Guillam\u00f3 nuevo presidente de la asociaci\u00f3n"}]},{"@type":"WebSite","@id":"https:\/\/www.torreviejagastronomica.com\/#website","url":"https:\/\/www.torreviejagastronomica.com\/","name":"Torrevieja Gastron\u00f3mica","description":"Asociaci\u00f3n Hosteler\u00eda Torrevieja y Comarca","publisher":{"@id":"https:\/\/www.torreviejagastronomica.com\/#organization"},"potentialAction":[{"@type":"SearchAction","target":{"@type":"EntryPoint","urlTemplate":"https:\/\/www.torreviejagastronomica.com\/?s={search_term_string}"},"query-input":{"@type":"PropertyValueSpecification","valueRequired":true,"valueName":"search_term_string"}}],"inLanguage":"en-GB"},{"@type":"Organization","@id":"https:\/\/www.torreviejagastronomica.com\/#organization","name":"Torrevieja Gastron\u00f3mica","url":"https:\/\/www.torreviejagastronomica.com\/","logo":{"@type":"ImageObject","inLanguage":"en-GB","@id":"https:\/\/www.torreviejagastronomica.com\/#\/schema\/logo\/image\/","url":"https:\/\/www.torreviejagastronomica.com\/wp-content\/uploads\/2023\/09\/Logo-Torrevieja-Gastronomica.png","contentUrl":"https:\/\/www.torreviejagastronomica.com\/wp-content\/uploads\/2023\/09\/Logo-Torrevieja-Gastronomica.png","width":350,"height":100,"caption":"Torrevieja Gastron\u00f3mica"},"image":{"@id":"https:\/\/www.torreviejagastronomica.com\/#\/schema\/logo\/image\/"}},{"@type":"Person","@id":"https:\/\/www.torreviejagastronomica.com\/#\/schema\/person\/43c1ae0a05eb24e94513f69078cd11a7","name":"admin","image":{"@type":"ImageObject","inLanguage":"en-GB","@id":"https:\/\/www.torreviejagastronomica.com\/#\/schema\/person\/image\/","url":"https:\/\/secure.gravatar.com\/avatar\/6497fb95944786a8c3310104dbce94031a7dee2c3b2645b425bfeeec49855f50?s=96&d=mm&r=g","contentUrl":"https:\/\/secure.gravatar.com\/avatar\/6497fb95944786a8c3310104dbce94031a7dee2c3b2645b425bfeeec49855f50?s=96&d=mm&r=g","caption":"admin"},"url":"https:\/\/www.torreviejagastronomica.com\/en\/author\/admin\/"}]}},"_links":{"self":[{"href":"https:\/\/www.torreviejagastronomica.com\/en\/wp-json\/wp\/v2\/posts\/1960","targetHints":{"allow":["GET"]}}],"collection":[{"href":"https:\/\/www.torreviejagastronomica.com\/en\/wp-json\/wp\/v2\/posts"}],"about":[{"href":"https:\/\/www.torreviejagastronomica.com\/en\/wp-json\/wp\/v2\/types\/post"}],"author":[{"embeddable":true,"href":"https:\/\/www.torreviejagastronomica.com\/en\/wp-json\/wp\/v2\/users\/3"}],"replies":[{"embeddable":true,"href":"https:\/\/www.torreviejagastronomica.com\/en\/wp-json\/wp\/v2\/comments?post=1960"}],"version-history":[{"count":0,"href":"https:\/\/www.torreviejagastronomica.com\/en\/wp-json\/wp\/v2\/posts\/1960\/revisions"}],"wp:featuredmedia":[{"embeddable":true,"href":"https:\/\/www.torreviejagastronomica.com\/en\/wp-json\/wp\/v2\/media\/1965"}],"wp:attachment":[{"href":"https:\/\/www.torreviejagastronomica.com\/en\/wp-json\/wp\/v2\/media?parent=1960"}],"wp:term":[{"taxonomy":"category","embeddable":true,"href":"https:\/\/www.torreviejagastronomica.com\/en\/wp-json\/wp\/v2\/categories?post=1960"},{"taxonomy":"post_tag","embeddable":true,"href":"https:\/\/www.torreviejagastronomica.com\/en\/wp-json\/wp\/v2\/tags?post=1960"}],"curies":[{"name":"wp","href":"https:\/\/api.w.org\/{rel}","templated":true}]}}