{"id":1558,"date":"2015-12-02T11:29:47","date_gmt":"2015-12-02T11:29:47","guid":{"rendered":"http:\/\/www.torreviejagastronomica.com\/?p=1558"},"modified":"2015-12-02T11:29:47","modified_gmt":"2015-12-02T11:29:47","slug":"cuarenta-anos-de-tenedores-de-oro-al-son-de-las-habaneras","status":"publish","type":"post","link":"https:\/\/www.torreviejagastronomica.com\/en\/cuarenta-anos-de-tenedores-de-oro-al-son-de-las-habaneras\/","title":{"rendered":"Forty years of \"Tenedores de Oro\" to the sound of habanera music"},"content":{"rendered":"<p style=\"text-align: justify;\">When the dinner held last night in the halls of the Hotel Do\u00f1a Monse, is called a \"Brotherhood Dinner\", it is with the certainty that it is, since it is something to highlight that an association that was born forty years ago, can say with undisguised pride that no one has left it, forming a big family.<\/p>\n<p style=\"text-align: justify;\"><a href=\"\" target=\"_blank\" rel=\"noopener\">Objective Torrevieja<\/a><\/p>\n<p>&nbsp;<\/p>","protected":false},"excerpt":{"rendered":"<p>When the dinner that was held last night in the halls of the Hotel Do\u00f1a Monse, is called \"Cena de Hermandad\", it is with the certainty that it is, since it is something to highlight that an association that was born forty years ago, can say with undisguised pride that no one has left it, [...].<\/p>","protected":false},"author":3,"featured_media":1560,"comment_status":"closed","ping_status":"open","sticky":false,"template":"","format":"standard","meta":{"footnotes":""},"categories":[7],"tags":[],"class_list":["post-1558","post","type-post","status-publish","format-standard","has-post-thumbnail","hentry","category-noticias"],"yoast_head":"<!-- This site is optimized with the Yoast SEO plugin v25.7 - https:\/\/yoast.com\/wordpress\/plugins\/seo\/ -->\n<title>Cuarenta a\u00f1os de \u201cTenedores de Oro\u201d al son de las habaneras - Torrevieja Gastron\u00f3mica<\/title>\n<meta name=\"robots\" content=\"index, follow, max-snippet:-1, max-image-preview:large, max-video-preview:-1\" \/>\n<link rel=\"canonical\" href=\"https:\/\/www.torreviejagastronomica.com\/en\/cuarenta-anos-de-tenedores-de-oro-al-son-de-las-habaneras\/\" \/>\n<meta property=\"og:locale\" content=\"en_GB\" \/>\n<meta property=\"og:type\" content=\"article\" \/>\n<meta property=\"og:title\" content=\"Cuarenta a\u00f1os de \u201cTenedores de Oro\u201d al son de las habaneras - Torrevieja Gastron\u00f3mica\" \/>\n<meta property=\"og:description\" content=\"Cuando a la Cena que se celebr\u00f3 anoche en los salones del Hotel Do\u00f1a Monse, se le denomina \u201cCena de Hermandad\u201d, se hace con la certeza que lo es, ya que es algo a destacar que una asociaci\u00f3n que naci\u00f3 hace cuarenta a\u00f1os, pueda decir con orgullo indisimulado que nadie se ha apartado de ella, [&hellip;]\" \/>\n<meta property=\"og:url\" content=\"https:\/\/www.torreviejagastronomica.com\/en\/cuarenta-anos-de-tenedores-de-oro-al-son-de-las-habaneras\/\" \/>\n<meta property=\"og:site_name\" content=\"Torrevieja Gastron\u00f3mica\" \/>\n<meta property=\"article:published_time\" content=\"2015-12-02T11:29:47+00:00\" \/>\n<meta property=\"og:image\" content=\"https:\/\/www.torreviejagastronomica.com\/wp-content\/uploads\/2015\/12\/tenedores.jpg\" \/>\n\t<meta property=\"og:image:width\" content=\"640\" \/>\n\t<meta property=\"og:image:height\" content=\"480\" \/>\n\t<meta property=\"og:image:type\" content=\"image\/jpeg\" \/>\n<meta name=\"author\" content=\"admin\" \/>\n<meta name=\"twitter:card\" content=\"summary_large_image\" \/>\n<meta name=\"twitter:label1\" content=\"Written by\" \/>\n\t<meta name=\"twitter:data1\" content=\"admin\" \/>\n<script type=\"application\/ld+json\" class=\"yoast-schema-graph\">{\"@context\":\"https:\/\/schema.org\",\"@graph\":[{\"@type\":\"Article\",\"@id\":\"https:\/\/www.torreviejagastronomica.com\/cuarenta-anos-de-tenedores-de-oro-al-son-de-las-habaneras\/#article\",\"isPartOf\":{\"@id\":\"https:\/\/www.torreviejagastronomica.com\/cuarenta-anos-de-tenedores-de-oro-al-son-de-las-habaneras\/\"},\"author\":{\"name\":\"admin\",\"@id\":\"https:\/\/www.torreviejagastronomica.com\/#\/schema\/person\/43c1ae0a05eb24e94513f69078cd11a7\"},\"headline\":\"Cuarenta a\u00f1os de \u201cTenedores de Oro\u201d al son de las habaneras\",\"datePublished\":\"2015-12-02T11:29:47+00:00\",\"mainEntityOfPage\":{\"@id\":\"https:\/\/www.torreviejagastronomica.com\/cuarenta-anos-de-tenedores-de-oro-al-son-de-las-habaneras\/\"},\"wordCount\":79,\"publisher\":{\"@id\":\"https:\/\/www.torreviejagastronomica.com\/#organization\"},\"image\":{\"@id\":\"https:\/\/www.torreviejagastronomica.com\/cuarenta-anos-de-tenedores-de-oro-al-son-de-las-habaneras\/#primaryimage\"},\"thumbnailUrl\":\"https:\/\/www.torreviejagastronomica.com\/wp-content\/uploads\/2015\/12\/tenedores.jpg\",\"articleSection\":[\"Noticias\"],\"inLanguage\":\"en-GB\"},{\"@type\":\"WebPage\",\"@id\":\"https:\/\/www.torreviejagastronomica.com\/cuarenta-anos-de-tenedores-de-oro-al-son-de-las-habaneras\/\",\"url\":\"https:\/\/www.torreviejagastronomica.com\/cuarenta-anos-de-tenedores-de-oro-al-son-de-las-habaneras\/\",\"name\":\"Cuarenta a\u00f1os de \u201cTenedores de Oro\u201d al son de las habaneras - Torrevieja Gastron\u00f3mica\",\"isPartOf\":{\"@id\":\"https:\/\/www.torreviejagastronomica.com\/#website\"},\"primaryImageOfPage\":{\"@id\":\"https:\/\/www.torreviejagastronomica.com\/cuarenta-anos-de-tenedores-de-oro-al-son-de-las-habaneras\/#primaryimage\"},\"image\":{\"@id\":\"https:\/\/www.torreviejagastronomica.com\/cuarenta-anos-de-tenedores-de-oro-al-son-de-las-habaneras\/#primaryimage\"},\"thumbnailUrl\":\"https:\/\/www.torreviejagastronomica.com\/wp-content\/uploads\/2015\/12\/tenedores.jpg\",\"datePublished\":\"2015-12-02T11:29:47+00:00\",\"breadcrumb\":{\"@id\":\"https:\/\/www.torreviejagastronomica.com\/cuarenta-anos-de-tenedores-de-oro-al-son-de-las-habaneras\/#breadcrumb\"},\"inLanguage\":\"en-GB\",\"potentialAction\":[{\"@type\":\"ReadAction\",\"target\":[\"https:\/\/www.torreviejagastronomica.com\/cuarenta-anos-de-tenedores-de-oro-al-son-de-las-habaneras\/\"]}]},{\"@type\":\"ImageObject\",\"inLanguage\":\"en-GB\",\"@id\":\"https:\/\/www.torreviejagastronomica.com\/cuarenta-anos-de-tenedores-de-oro-al-son-de-las-habaneras\/#primaryimage\",\"url\":\"https:\/\/www.torreviejagastronomica.com\/wp-content\/uploads\/2015\/12\/tenedores.jpg\",\"contentUrl\":\"https:\/\/www.torreviejagastronomica.com\/wp-content\/uploads\/2015\/12\/tenedores.jpg\",\"width\":640,\"height\":480},{\"@type\":\"BreadcrumbList\",\"@id\":\"https:\/\/www.torreviejagastronomica.com\/cuarenta-anos-de-tenedores-de-oro-al-son-de-las-habaneras\/#breadcrumb\",\"itemListElement\":[{\"@type\":\"ListItem\",\"position\":1,\"name\":\"Portada\",\"item\":\"https:\/\/www.torreviejagastronomica.com\/\"},{\"@type\":\"ListItem\",\"position\":2,\"name\":\"Cuarenta a\u00f1os de \u201cTenedores de Oro\u201d al son de las habaneras\"}]},{\"@type\":\"WebSite\",\"@id\":\"https:\/\/www.torreviejagastronomica.com\/#website\",\"url\":\"https:\/\/www.torreviejagastronomica.com\/\",\"name\":\"Torrevieja Gastron\u00f3mica\",\"description\":\"Asociaci\u00f3n Hosteler\u00eda Torrevieja y Comarca\",\"publisher\":{\"@id\":\"https:\/\/www.torreviejagastronomica.com\/#organization\"},\"potentialAction\":[{\"@type\":\"SearchAction\",\"target\":{\"@type\":\"EntryPoint\",\"urlTemplate\":\"https:\/\/www.torreviejagastronomica.com\/?s={search_term_string}\"},\"query-input\":{\"@type\":\"PropertyValueSpecification\",\"valueRequired\":true,\"valueName\":\"search_term_string\"}}],\"inLanguage\":\"en-GB\"},{\"@type\":\"Organization\",\"@id\":\"https:\/\/www.torreviejagastronomica.com\/#organization\",\"name\":\"Torrevieja Gastron\u00f3mica\",\"url\":\"https:\/\/www.torreviejagastronomica.com\/\",\"logo\":{\"@type\":\"ImageObject\",\"inLanguage\":\"en-GB\",\"@id\":\"https:\/\/www.torreviejagastronomica.com\/#\/schema\/logo\/image\/\",\"url\":\"https:\/\/www.torreviejagastronomica.com\/wp-content\/uploads\/2023\/09\/Logo-Torrevieja-Gastronomica.png\",\"contentUrl\":\"https:\/\/www.torreviejagastronomica.com\/wp-content\/uploads\/2023\/09\/Logo-Torrevieja-Gastronomica.png\",\"width\":350,\"height\":100,\"caption\":\"Torrevieja Gastron\u00f3mica\"},\"image\":{\"@id\":\"https:\/\/www.torreviejagastronomica.com\/#\/schema\/logo\/image\/\"}},{\"@type\":\"Person\",\"@id\":\"https:\/\/www.torreviejagastronomica.com\/#\/schema\/person\/43c1ae0a05eb24e94513f69078cd11a7\",\"name\":\"admin\",\"image\":{\"@type\":\"ImageObject\",\"inLanguage\":\"en-GB\",\"@id\":\"https:\/\/www.torreviejagastronomica.com\/#\/schema\/person\/image\/\",\"url\":\"https:\/\/secure.gravatar.com\/avatar\/6497fb95944786a8c3310104dbce94031a7dee2c3b2645b425bfeeec49855f50?s=96&d=mm&r=g\",\"contentUrl\":\"https:\/\/secure.gravatar.com\/avatar\/6497fb95944786a8c3310104dbce94031a7dee2c3b2645b425bfeeec49855f50?s=96&d=mm&r=g\",\"caption\":\"admin\"},\"url\":\"https:\/\/www.torreviejagastronomica.com\/en\/author\/admin\/\"}]}<\/script>\n<!-- \/ Yoast SEO plugin. -->","yoast_head_json":{"title":"Cuarenta a\u00f1os de \u201cTenedores de Oro\u201d al son de las habaneras - Torrevieja Gastron\u00f3mica","robots":{"index":"index","follow":"follow","max-snippet":"max-snippet:-1","max-image-preview":"max-image-preview:large","max-video-preview":"max-video-preview:-1"},"canonical":"https:\/\/www.torreviejagastronomica.com\/en\/cuarenta-anos-de-tenedores-de-oro-al-son-de-las-habaneras\/","og_locale":"en_GB","og_type":"article","og_title":"Cuarenta a\u00f1os de \u201cTenedores de Oro\u201d al son de las habaneras - Torrevieja Gastron\u00f3mica","og_description":"Cuando a la Cena que se celebr\u00f3 anoche en los salones del Hotel Do\u00f1a Monse, se le denomina \u201cCena de Hermandad\u201d, se hace con la certeza que lo es, ya que es algo a destacar que una asociaci\u00f3n que naci\u00f3 hace cuarenta a\u00f1os, pueda decir con orgullo indisimulado que nadie se ha apartado de ella, [&hellip;]","og_url":"https:\/\/www.torreviejagastronomica.com\/en\/cuarenta-anos-de-tenedores-de-oro-al-son-de-las-habaneras\/","og_site_name":"Torrevieja Gastron\u00f3mica","article_published_time":"2015-12-02T11:29:47+00:00","og_image":[{"width":640,"height":480,"url":"https:\/\/www.torreviejagastronomica.com\/wp-content\/uploads\/2015\/12\/tenedores.jpg","type":"image\/jpeg"}],"author":"admin","twitter_card":"summary_large_image","twitter_misc":{"Written by":"admin"},"schema":{"@context":"https:\/\/schema.org","@graph":[{"@type":"Article","@id":"https:\/\/www.torreviejagastronomica.com\/cuarenta-anos-de-tenedores-de-oro-al-son-de-las-habaneras\/#article","isPartOf":{"@id":"https:\/\/www.torreviejagastronomica.com\/cuarenta-anos-de-tenedores-de-oro-al-son-de-las-habaneras\/"},"author":{"name":"admin","@id":"https:\/\/www.torreviejagastronomica.com\/#\/schema\/person\/43c1ae0a05eb24e94513f69078cd11a7"},"headline":"Cuarenta a\u00f1os de \u201cTenedores de Oro\u201d al son de las habaneras","datePublished":"2015-12-02T11:29:47+00:00","mainEntityOfPage":{"@id":"https:\/\/www.torreviejagastronomica.com\/cuarenta-anos-de-tenedores-de-oro-al-son-de-las-habaneras\/"},"wordCount":79,"publisher":{"@id":"https:\/\/www.torreviejagastronomica.com\/#organization"},"image":{"@id":"https:\/\/www.torreviejagastronomica.com\/cuarenta-anos-de-tenedores-de-oro-al-son-de-las-habaneras\/#primaryimage"},"thumbnailUrl":"https:\/\/www.torreviejagastronomica.com\/wp-content\/uploads\/2015\/12\/tenedores.jpg","articleSection":["Noticias"],"inLanguage":"en-GB"},{"@type":"WebPage","@id":"https:\/\/www.torreviejagastronomica.com\/cuarenta-anos-de-tenedores-de-oro-al-son-de-las-habaneras\/","url":"https:\/\/www.torreviejagastronomica.com\/cuarenta-anos-de-tenedores-de-oro-al-son-de-las-habaneras\/","name":"Cuarenta a\u00f1os de \u201cTenedores de Oro\u201d al son de las habaneras - Torrevieja Gastron\u00f3mica","isPartOf":{"@id":"https:\/\/www.torreviejagastronomica.com\/#website"},"primaryImageOfPage":{"@id":"https:\/\/www.torreviejagastronomica.com\/cuarenta-anos-de-tenedores-de-oro-al-son-de-las-habaneras\/#primaryimage"},"image":{"@id":"https:\/\/www.torreviejagastronomica.com\/cuarenta-anos-de-tenedores-de-oro-al-son-de-las-habaneras\/#primaryimage"},"thumbnailUrl":"https:\/\/www.torreviejagastronomica.com\/wp-content\/uploads\/2015\/12\/tenedores.jpg","datePublished":"2015-12-02T11:29:47+00:00","breadcrumb":{"@id":"https:\/\/www.torreviejagastronomica.com\/cuarenta-anos-de-tenedores-de-oro-al-son-de-las-habaneras\/#breadcrumb"},"inLanguage":"en-GB","potentialAction":[{"@type":"ReadAction","target":["https:\/\/www.torreviejagastronomica.com\/cuarenta-anos-de-tenedores-de-oro-al-son-de-las-habaneras\/"]}]},{"@type":"ImageObject","inLanguage":"en-GB","@id":"https:\/\/www.torreviejagastronomica.com\/cuarenta-anos-de-tenedores-de-oro-al-son-de-las-habaneras\/#primaryimage","url":"https:\/\/www.torreviejagastronomica.com\/wp-content\/uploads\/2015\/12\/tenedores.jpg","contentUrl":"https:\/\/www.torreviejagastronomica.com\/wp-content\/uploads\/2015\/12\/tenedores.jpg","width":640,"height":480},{"@type":"BreadcrumbList","@id":"https:\/\/www.torreviejagastronomica.com\/cuarenta-anos-de-tenedores-de-oro-al-son-de-las-habaneras\/#breadcrumb","itemListElement":[{"@type":"ListItem","position":1,"name":"Portada","item":"https:\/\/www.torreviejagastronomica.com\/"},{"@type":"ListItem","position":2,"name":"Cuarenta a\u00f1os de \u201cTenedores de Oro\u201d al son de las habaneras"}]},{"@type":"WebSite","@id":"https:\/\/www.torreviejagastronomica.com\/#website","url":"https:\/\/www.torreviejagastronomica.com\/","name":"Torrevieja Gastron\u00f3mica","description":"Asociaci\u00f3n Hosteler\u00eda Torrevieja y Comarca","publisher":{"@id":"https:\/\/www.torreviejagastronomica.com\/#organization"},"potentialAction":[{"@type":"SearchAction","target":{"@type":"EntryPoint","urlTemplate":"https:\/\/www.torreviejagastronomica.com\/?s={search_term_string}"},"query-input":{"@type":"PropertyValueSpecification","valueRequired":true,"valueName":"search_term_string"}}],"inLanguage":"en-GB"},{"@type":"Organization","@id":"https:\/\/www.torreviejagastronomica.com\/#organization","name":"Torrevieja Gastron\u00f3mica","url":"https:\/\/www.torreviejagastronomica.com\/","logo":{"@type":"ImageObject","inLanguage":"en-GB","@id":"https:\/\/www.torreviejagastronomica.com\/#\/schema\/logo\/image\/","url":"https:\/\/www.torreviejagastronomica.com\/wp-content\/uploads\/2023\/09\/Logo-Torrevieja-Gastronomica.png","contentUrl":"https:\/\/www.torreviejagastronomica.com\/wp-content\/uploads\/2023\/09\/Logo-Torrevieja-Gastronomica.png","width":350,"height":100,"caption":"Torrevieja Gastron\u00f3mica"},"image":{"@id":"https:\/\/www.torreviejagastronomica.com\/#\/schema\/logo\/image\/"}},{"@type":"Person","@id":"https:\/\/www.torreviejagastronomica.com\/#\/schema\/person\/43c1ae0a05eb24e94513f69078cd11a7","name":"admin","image":{"@type":"ImageObject","inLanguage":"en-GB","@id":"https:\/\/www.torreviejagastronomica.com\/#\/schema\/person\/image\/","url":"https:\/\/secure.gravatar.com\/avatar\/6497fb95944786a8c3310104dbce94031a7dee2c3b2645b425bfeeec49855f50?s=96&d=mm&r=g","contentUrl":"https:\/\/secure.gravatar.com\/avatar\/6497fb95944786a8c3310104dbce94031a7dee2c3b2645b425bfeeec49855f50?s=96&d=mm&r=g","caption":"admin"},"url":"https:\/\/www.torreviejagastronomica.com\/en\/author\/admin\/"}]}},"_links":{"self":[{"href":"https:\/\/www.torreviejagastronomica.com\/en\/wp-json\/wp\/v2\/posts\/1558","targetHints":{"allow":["GET"]}}],"collection":[{"href":"https:\/\/www.torreviejagastronomica.com\/en\/wp-json\/wp\/v2\/posts"}],"about":[{"href":"https:\/\/www.torreviejagastronomica.com\/en\/wp-json\/wp\/v2\/types\/post"}],"author":[{"embeddable":true,"href":"https:\/\/www.torreviejagastronomica.com\/en\/wp-json\/wp\/v2\/users\/3"}],"replies":[{"embeddable":true,"href":"https:\/\/www.torreviejagastronomica.com\/en\/wp-json\/wp\/v2\/comments?post=1558"}],"version-history":[{"count":0,"href":"https:\/\/www.torreviejagastronomica.com\/en\/wp-json\/wp\/v2\/posts\/1558\/revisions"}],"wp:featuredmedia":[{"embeddable":true,"href":"https:\/\/www.torreviejagastronomica.com\/en\/wp-json\/wp\/v2\/media\/1560"}],"wp:attachment":[{"href":"https:\/\/www.torreviejagastronomica.com\/en\/wp-json\/wp\/v2\/media?parent=1558"}],"wp:term":[{"taxonomy":"category","embeddable":true,"href":"https:\/\/www.torreviejagastronomica.com\/en\/wp-json\/wp\/v2\/categories?post=1558"},{"taxonomy":"post_tag","embeddable":true,"href":"https:\/\/www.torreviejagastronomica.com\/en\/wp-json\/wp\/v2\/tags?post=1558"}],"curies":[{"name":"wp","href":"https:\/\/api.w.org\/{rel}","templated":true}]}}