{"id":1026,"date":"2014-10-17T16:14:40","date_gmt":"2014-10-17T16:14:40","guid":{"rendered":"http:\/\/www.torreviejagastronomica.com\/?p=1026"},"modified":"2014-10-17T16:14:40","modified_gmt":"2014-10-17T16:14:40","slug":"presentado-un-master-sobre-direccion-de-restaurantes-de-la-universidad-de-alicante","status":"publish","type":"post","link":"https:\/\/www.torreviejagastronomica.com\/en\/presentado-un-master-sobre-direccion-de-restaurantes-de-la-universidad-de-alicante\/","title":{"rendered":"Presentation of a Master's Degree in Restaurant Management at the University of Alicante"},"content":{"rendered":"<p style=\"text-align: justify;\">The assembly hall of the Association of Hospitality and Catering of Torrevieja and Region, chaired by Jos\u00e9 Antonio Lozano, hosted yesterday afternoon the presentation of a new edition of the <a href=\"http:\/\/gastronomiayuniversidad.com\/\" target=\"_blank\" rel=\"noopener\">Master's Degree in Restaurant Management at the University of Alicante<\/a> (UA). The presentation was given by the coordinator of these courses, \u00d3scar Carri\u00f3n, who explained what the course would consist of, in front of an audience that included the entire board of directors of the Association and numerous professionals from the area. The course will be held on Tuesdays and the students will combine classes at the UA with a digital distance learning platform. Members of the Hotel and Catering Association will receive a discount of 9%. The first session will be held on 21 October at the UA. The price is 4,600 euros in general and 4,200 euros for members of the Hospitality Association of Torrevieja, being able to split the payment, although it could be free through the subsidies of the Tripartite Foundation for Training and Employment.<\/p>\n<p>Source : <a href=\"http:\/\/objetivotorrevieja.wordpress.com\/2014\/10\/15\/presentado-un-master-sobre-direccion-de-restaurantes-de-la-universidad-de-alicante\/\" target=\"_blank\" rel=\"noopener\">Objective Torrevieja<\/a><\/p>","protected":false},"excerpt":{"rendered":"<p>The auditorium of the Hospitality Association of Torrevieja and Region, chaired by Jos\u00e9 Antonio Lozano, hosted yesterday afternoon the presentation of a new edition of the Master in Restaurant Management at the University of Alicante (UA). The person in charge of the presentation was the coordinator of these teachings, \u00d3scar Carri\u00f3n, [...]<\/p>","protected":false},"author":3,"featured_media":1027,"comment_status":"closed","ping_status":"open","sticky":false,"template":"","format":"standard","meta":{"footnotes":""},"categories":[7],"tags":[],"class_list":["post-1026","post","type-post","status-publish","format-standard","has-post-thumbnail","hentry","category-noticias"],"yoast_head":"<!-- This site is optimized with the Yoast SEO plugin v25.7 - https:\/\/yoast.com\/wordpress\/plugins\/seo\/ -->\n<title>Presentado un Master sobre direcci\u00f3n de Restaurantes de la Universidad de Alicante - Torrevieja Gastron\u00f3mica<\/title>\n<meta name=\"robots\" content=\"index, follow, max-snippet:-1, max-image-preview:large, max-video-preview:-1\" \/>\n<link rel=\"canonical\" href=\"https:\/\/www.torreviejagastronomica.com\/en\/presentado-un-master-sobre-direccion-de-restaurantes-de-la-universidad-de-alicante\/\" \/>\n<meta property=\"og:locale\" content=\"en_GB\" \/>\n<meta property=\"og:type\" content=\"article\" \/>\n<meta property=\"og:title\" content=\"Presentado un Master sobre direcci\u00f3n de Restaurantes de la Universidad de Alicante - Torrevieja Gastron\u00f3mica\" \/>\n<meta property=\"og:description\" content=\"El sal\u00f3n de actos de la Asociaci\u00f3n de Hosteleria de Torrevieja y Comarca, que preside Jos\u00e9 Antonio Lozano, acogi\u00f3 en la tarde de ayer la presentaci\u00f3n de una nueva edici\u00f3n del M\u00e1ster en Direcci\u00f3n de Restaurantes de la Universidad de Alicante (UA). El encargado de la presentaci\u00f3n fue el coordinador de estas ense\u00f1anzas, \u00d3scar Carri\u00f3n, [&hellip;]\" \/>\n<meta property=\"og:url\" content=\"https:\/\/www.torreviejagastronomica.com\/en\/presentado-un-master-sobre-direccion-de-restaurantes-de-la-universidad-de-alicante\/\" \/>\n<meta property=\"og:site_name\" content=\"Torrevieja Gastron\u00f3mica\" \/>\n<meta property=\"article:published_time\" content=\"2014-10-17T16:14:40+00:00\" \/>\n<meta property=\"og:image\" content=\"https:\/\/www.torreviejagastronomica.com\/wp-content\/uploads\/2014\/10\/hosteleria.jpg\" \/>\n\t<meta property=\"og:image:width\" content=\"468\" \/>\n\t<meta property=\"og:image:height\" content=\"223\" \/>\n\t<meta property=\"og:image:type\" content=\"image\/jpeg\" \/>\n<meta name=\"author\" content=\"admin\" \/>\n<meta name=\"twitter:card\" content=\"summary_large_image\" \/>\n<meta name=\"twitter:label1\" content=\"Written by\" \/>\n\t<meta name=\"twitter:data1\" content=\"admin\" \/>\n\t<meta name=\"twitter:label2\" content=\"Estimated reading time\" \/>\n\t<meta name=\"twitter:data2\" content=\"1 minute\" \/>\n<script type=\"application\/ld+json\" class=\"yoast-schema-graph\">{\"@context\":\"https:\/\/schema.org\",\"@graph\":[{\"@type\":\"Article\",\"@id\":\"https:\/\/www.torreviejagastronomica.com\/presentado-un-master-sobre-direccion-de-restaurantes-de-la-universidad-de-alicante\/#article\",\"isPartOf\":{\"@id\":\"https:\/\/www.torreviejagastronomica.com\/presentado-un-master-sobre-direccion-de-restaurantes-de-la-universidad-de-alicante\/\"},\"author\":{\"name\":\"admin\",\"@id\":\"https:\/\/www.torreviejagastronomica.com\/#\/schema\/person\/43c1ae0a05eb24e94513f69078cd11a7\"},\"headline\":\"Presentado un Master sobre direcci\u00f3n de Restaurantes de la Universidad de Alicante\",\"datePublished\":\"2014-10-17T16:14:40+00:00\",\"mainEntityOfPage\":{\"@id\":\"https:\/\/www.torreviejagastronomica.com\/presentado-un-master-sobre-direccion-de-restaurantes-de-la-universidad-de-alicante\/\"},\"wordCount\":217,\"publisher\":{\"@id\":\"https:\/\/www.torreviejagastronomica.com\/#organization\"},\"image\":{\"@id\":\"https:\/\/www.torreviejagastronomica.com\/presentado-un-master-sobre-direccion-de-restaurantes-de-la-universidad-de-alicante\/#primaryimage\"},\"thumbnailUrl\":\"https:\/\/www.torreviejagastronomica.com\/wp-content\/uploads\/2014\/10\/hosteleria.jpg\",\"articleSection\":[\"Noticias\"],\"inLanguage\":\"en-GB\"},{\"@type\":\"WebPage\",\"@id\":\"https:\/\/www.torreviejagastronomica.com\/presentado-un-master-sobre-direccion-de-restaurantes-de-la-universidad-de-alicante\/\",\"url\":\"https:\/\/www.torreviejagastronomica.com\/presentado-un-master-sobre-direccion-de-restaurantes-de-la-universidad-de-alicante\/\",\"name\":\"Presentado un Master sobre direcci\u00f3n de Restaurantes de la Universidad de Alicante - Torrevieja Gastron\u00f3mica\",\"isPartOf\":{\"@id\":\"https:\/\/www.torreviejagastronomica.com\/#website\"},\"primaryImageOfPage\":{\"@id\":\"https:\/\/www.torreviejagastronomica.com\/presentado-un-master-sobre-direccion-de-restaurantes-de-la-universidad-de-alicante\/#primaryimage\"},\"image\":{\"@id\":\"https:\/\/www.torreviejagastronomica.com\/presentado-un-master-sobre-direccion-de-restaurantes-de-la-universidad-de-alicante\/#primaryimage\"},\"thumbnailUrl\":\"https:\/\/www.torreviejagastronomica.com\/wp-content\/uploads\/2014\/10\/hosteleria.jpg\",\"datePublished\":\"2014-10-17T16:14:40+00:00\",\"breadcrumb\":{\"@id\":\"https:\/\/www.torreviejagastronomica.com\/presentado-un-master-sobre-direccion-de-restaurantes-de-la-universidad-de-alicante\/#breadcrumb\"},\"inLanguage\":\"en-GB\",\"potentialAction\":[{\"@type\":\"ReadAction\",\"target\":[\"https:\/\/www.torreviejagastronomica.com\/presentado-un-master-sobre-direccion-de-restaurantes-de-la-universidad-de-alicante\/\"]}]},{\"@type\":\"ImageObject\",\"inLanguage\":\"en-GB\",\"@id\":\"https:\/\/www.torreviejagastronomica.com\/presentado-un-master-sobre-direccion-de-restaurantes-de-la-universidad-de-alicante\/#primaryimage\",\"url\":\"https:\/\/www.torreviejagastronomica.com\/wp-content\/uploads\/2014\/10\/hosteleria.jpg\",\"contentUrl\":\"https:\/\/www.torreviejagastronomica.com\/wp-content\/uploads\/2014\/10\/hosteleria.jpg\",\"width\":468,\"height\":223},{\"@type\":\"BreadcrumbList\",\"@id\":\"https:\/\/www.torreviejagastronomica.com\/presentado-un-master-sobre-direccion-de-restaurantes-de-la-universidad-de-alicante\/#breadcrumb\",\"itemListElement\":[{\"@type\":\"ListItem\",\"position\":1,\"name\":\"Portada\",\"item\":\"https:\/\/www.torreviejagastronomica.com\/\"},{\"@type\":\"ListItem\",\"position\":2,\"name\":\"Presentado un Master sobre direcci\u00f3n de Restaurantes de la Universidad de Alicante\"}]},{\"@type\":\"WebSite\",\"@id\":\"https:\/\/www.torreviejagastronomica.com\/#website\",\"url\":\"https:\/\/www.torreviejagastronomica.com\/\",\"name\":\"Torrevieja Gastron\u00f3mica\",\"description\":\"Asociaci\u00f3n Hosteler\u00eda Torrevieja y Comarca\",\"publisher\":{\"@id\":\"https:\/\/www.torreviejagastronomica.com\/#organization\"},\"potentialAction\":[{\"@type\":\"SearchAction\",\"target\":{\"@type\":\"EntryPoint\",\"urlTemplate\":\"https:\/\/www.torreviejagastronomica.com\/?s={search_term_string}\"},\"query-input\":{\"@type\":\"PropertyValueSpecification\",\"valueRequired\":true,\"valueName\":\"search_term_string\"}}],\"inLanguage\":\"en-GB\"},{\"@type\":\"Organization\",\"@id\":\"https:\/\/www.torreviejagastronomica.com\/#organization\",\"name\":\"Torrevieja Gastron\u00f3mica\",\"url\":\"https:\/\/www.torreviejagastronomica.com\/\",\"logo\":{\"@type\":\"ImageObject\",\"inLanguage\":\"en-GB\",\"@id\":\"https:\/\/www.torreviejagastronomica.com\/#\/schema\/logo\/image\/\",\"url\":\"https:\/\/www.torreviejagastronomica.com\/wp-content\/uploads\/2023\/09\/Logo-Torrevieja-Gastronomica.png\",\"contentUrl\":\"https:\/\/www.torreviejagastronomica.com\/wp-content\/uploads\/2023\/09\/Logo-Torrevieja-Gastronomica.png\",\"width\":350,\"height\":100,\"caption\":\"Torrevieja Gastron\u00f3mica\"},\"image\":{\"@id\":\"https:\/\/www.torreviejagastronomica.com\/#\/schema\/logo\/image\/\"}},{\"@type\":\"Person\",\"@id\":\"https:\/\/www.torreviejagastronomica.com\/#\/schema\/person\/43c1ae0a05eb24e94513f69078cd11a7\",\"name\":\"admin\",\"image\":{\"@type\":\"ImageObject\",\"inLanguage\":\"en-GB\",\"@id\":\"https:\/\/www.torreviejagastronomica.com\/#\/schema\/person\/image\/\",\"url\":\"https:\/\/secure.gravatar.com\/avatar\/6497fb95944786a8c3310104dbce94031a7dee2c3b2645b425bfeeec49855f50?s=96&d=mm&r=g\",\"contentUrl\":\"https:\/\/secure.gravatar.com\/avatar\/6497fb95944786a8c3310104dbce94031a7dee2c3b2645b425bfeeec49855f50?s=96&d=mm&r=g\",\"caption\":\"admin\"},\"url\":\"https:\/\/www.torreviejagastronomica.com\/en\/author\/admin\/\"}]}<\/script>\n<!-- \/ Yoast SEO plugin. -->","yoast_head_json":{"title":"Presentado un Master sobre direcci\u00f3n de Restaurantes de la Universidad de Alicante - Torrevieja Gastron\u00f3mica","robots":{"index":"index","follow":"follow","max-snippet":"max-snippet:-1","max-image-preview":"max-image-preview:large","max-video-preview":"max-video-preview:-1"},"canonical":"https:\/\/www.torreviejagastronomica.com\/en\/presentado-un-master-sobre-direccion-de-restaurantes-de-la-universidad-de-alicante\/","og_locale":"en_GB","og_type":"article","og_title":"Presentado un Master sobre direcci\u00f3n de Restaurantes de la Universidad de Alicante - Torrevieja Gastron\u00f3mica","og_description":"El sal\u00f3n de actos de la Asociaci\u00f3n de Hosteleria de Torrevieja y Comarca, que preside Jos\u00e9 Antonio Lozano, acogi\u00f3 en la tarde de ayer la presentaci\u00f3n de una nueva edici\u00f3n del M\u00e1ster en Direcci\u00f3n de Restaurantes de la Universidad de Alicante (UA). El encargado de la presentaci\u00f3n fue el coordinador de estas ense\u00f1anzas, \u00d3scar Carri\u00f3n, [&hellip;]","og_url":"https:\/\/www.torreviejagastronomica.com\/en\/presentado-un-master-sobre-direccion-de-restaurantes-de-la-universidad-de-alicante\/","og_site_name":"Torrevieja Gastron\u00f3mica","article_published_time":"2014-10-17T16:14:40+00:00","og_image":[{"width":468,"height":223,"url":"https:\/\/www.torreviejagastronomica.com\/wp-content\/uploads\/2014\/10\/hosteleria.jpg","type":"image\/jpeg"}],"author":"admin","twitter_card":"summary_large_image","twitter_misc":{"Written by":"admin","Estimated reading time":"1 minute"},"schema":{"@context":"https:\/\/schema.org","@graph":[{"@type":"Article","@id":"https:\/\/www.torreviejagastronomica.com\/presentado-un-master-sobre-direccion-de-restaurantes-de-la-universidad-de-alicante\/#article","isPartOf":{"@id":"https:\/\/www.torreviejagastronomica.com\/presentado-un-master-sobre-direccion-de-restaurantes-de-la-universidad-de-alicante\/"},"author":{"name":"admin","@id":"https:\/\/www.torreviejagastronomica.com\/#\/schema\/person\/43c1ae0a05eb24e94513f69078cd11a7"},"headline":"Presentado un Master sobre direcci\u00f3n de Restaurantes de la Universidad de Alicante","datePublished":"2014-10-17T16:14:40+00:00","mainEntityOfPage":{"@id":"https:\/\/www.torreviejagastronomica.com\/presentado-un-master-sobre-direccion-de-restaurantes-de-la-universidad-de-alicante\/"},"wordCount":217,"publisher":{"@id":"https:\/\/www.torreviejagastronomica.com\/#organization"},"image":{"@id":"https:\/\/www.torreviejagastronomica.com\/presentado-un-master-sobre-direccion-de-restaurantes-de-la-universidad-de-alicante\/#primaryimage"},"thumbnailUrl":"https:\/\/www.torreviejagastronomica.com\/wp-content\/uploads\/2014\/10\/hosteleria.jpg","articleSection":["Noticias"],"inLanguage":"en-GB"},{"@type":"WebPage","@id":"https:\/\/www.torreviejagastronomica.com\/presentado-un-master-sobre-direccion-de-restaurantes-de-la-universidad-de-alicante\/","url":"https:\/\/www.torreviejagastronomica.com\/presentado-un-master-sobre-direccion-de-restaurantes-de-la-universidad-de-alicante\/","name":"Presentado un Master sobre direcci\u00f3n de Restaurantes de la Universidad de Alicante - Torrevieja Gastron\u00f3mica","isPartOf":{"@id":"https:\/\/www.torreviejagastronomica.com\/#website"},"primaryImageOfPage":{"@id":"https:\/\/www.torreviejagastronomica.com\/presentado-un-master-sobre-direccion-de-restaurantes-de-la-universidad-de-alicante\/#primaryimage"},"image":{"@id":"https:\/\/www.torreviejagastronomica.com\/presentado-un-master-sobre-direccion-de-restaurantes-de-la-universidad-de-alicante\/#primaryimage"},"thumbnailUrl":"https:\/\/www.torreviejagastronomica.com\/wp-content\/uploads\/2014\/10\/hosteleria.jpg","datePublished":"2014-10-17T16:14:40+00:00","breadcrumb":{"@id":"https:\/\/www.torreviejagastronomica.com\/presentado-un-master-sobre-direccion-de-restaurantes-de-la-universidad-de-alicante\/#breadcrumb"},"inLanguage":"en-GB","potentialAction":[{"@type":"ReadAction","target":["https:\/\/www.torreviejagastronomica.com\/presentado-un-master-sobre-direccion-de-restaurantes-de-la-universidad-de-alicante\/"]}]},{"@type":"ImageObject","inLanguage":"en-GB","@id":"https:\/\/www.torreviejagastronomica.com\/presentado-un-master-sobre-direccion-de-restaurantes-de-la-universidad-de-alicante\/#primaryimage","url":"https:\/\/www.torreviejagastronomica.com\/wp-content\/uploads\/2014\/10\/hosteleria.jpg","contentUrl":"https:\/\/www.torreviejagastronomica.com\/wp-content\/uploads\/2014\/10\/hosteleria.jpg","width":468,"height":223},{"@type":"BreadcrumbList","@id":"https:\/\/www.torreviejagastronomica.com\/presentado-un-master-sobre-direccion-de-restaurantes-de-la-universidad-de-alicante\/#breadcrumb","itemListElement":[{"@type":"ListItem","position":1,"name":"Portada","item":"https:\/\/www.torreviejagastronomica.com\/"},{"@type":"ListItem","position":2,"name":"Presentado un Master sobre direcci\u00f3n de Restaurantes de la Universidad de Alicante"}]},{"@type":"WebSite","@id":"https:\/\/www.torreviejagastronomica.com\/#website","url":"https:\/\/www.torreviejagastronomica.com\/","name":"Torrevieja Gastron\u00f3mica","description":"Asociaci\u00f3n Hosteler\u00eda Torrevieja y Comarca","publisher":{"@id":"https:\/\/www.torreviejagastronomica.com\/#organization"},"potentialAction":[{"@type":"SearchAction","target":{"@type":"EntryPoint","urlTemplate":"https:\/\/www.torreviejagastronomica.com\/?s={search_term_string}"},"query-input":{"@type":"PropertyValueSpecification","valueRequired":true,"valueName":"search_term_string"}}],"inLanguage":"en-GB"},{"@type":"Organization","@id":"https:\/\/www.torreviejagastronomica.com\/#organization","name":"Torrevieja Gastron\u00f3mica","url":"https:\/\/www.torreviejagastronomica.com\/","logo":{"@type":"ImageObject","inLanguage":"en-GB","@id":"https:\/\/www.torreviejagastronomica.com\/#\/schema\/logo\/image\/","url":"https:\/\/www.torreviejagastronomica.com\/wp-content\/uploads\/2023\/09\/Logo-Torrevieja-Gastronomica.png","contentUrl":"https:\/\/www.torreviejagastronomica.com\/wp-content\/uploads\/2023\/09\/Logo-Torrevieja-Gastronomica.png","width":350,"height":100,"caption":"Torrevieja Gastron\u00f3mica"},"image":{"@id":"https:\/\/www.torreviejagastronomica.com\/#\/schema\/logo\/image\/"}},{"@type":"Person","@id":"https:\/\/www.torreviejagastronomica.com\/#\/schema\/person\/43c1ae0a05eb24e94513f69078cd11a7","name":"admin","image":{"@type":"ImageObject","inLanguage":"en-GB","@id":"https:\/\/www.torreviejagastronomica.com\/#\/schema\/person\/image\/","url":"https:\/\/secure.gravatar.com\/avatar\/6497fb95944786a8c3310104dbce94031a7dee2c3b2645b425bfeeec49855f50?s=96&d=mm&r=g","contentUrl":"https:\/\/secure.gravatar.com\/avatar\/6497fb95944786a8c3310104dbce94031a7dee2c3b2645b425bfeeec49855f50?s=96&d=mm&r=g","caption":"admin"},"url":"https:\/\/www.torreviejagastronomica.com\/en\/author\/admin\/"}]}},"_links":{"self":[{"href":"https:\/\/www.torreviejagastronomica.com\/en\/wp-json\/wp\/v2\/posts\/1026","targetHints":{"allow":["GET"]}}],"collection":[{"href":"https:\/\/www.torreviejagastronomica.com\/en\/wp-json\/wp\/v2\/posts"}],"about":[{"href":"https:\/\/www.torreviejagastronomica.com\/en\/wp-json\/wp\/v2\/types\/post"}],"author":[{"embeddable":true,"href":"https:\/\/www.torreviejagastronomica.com\/en\/wp-json\/wp\/v2\/users\/3"}],"replies":[{"embeddable":true,"href":"https:\/\/www.torreviejagastronomica.com\/en\/wp-json\/wp\/v2\/comments?post=1026"}],"version-history":[{"count":0,"href":"https:\/\/www.torreviejagastronomica.com\/en\/wp-json\/wp\/v2\/posts\/1026\/revisions"}],"wp:featuredmedia":[{"embeddable":true,"href":"https:\/\/www.torreviejagastronomica.com\/en\/wp-json\/wp\/v2\/media\/1027"}],"wp:attachment":[{"href":"https:\/\/www.torreviejagastronomica.com\/en\/wp-json\/wp\/v2\/media?parent=1026"}],"wp:term":[{"taxonomy":"category","embeddable":true,"href":"https:\/\/www.torreviejagastronomica.com\/en\/wp-json\/wp\/v2\/categories?post=1026"},{"taxonomy":"post_tag","embeddable":true,"href":"https:\/\/www.torreviejagastronomica.com\/en\/wp-json\/wp\/v2\/tags?post=1026"}],"curies":[{"name":"wp","href":"https:\/\/api.w.org\/{rel}","templated":true}]}}